{"id":1074,"date":"2022-12-07T04:12:16","date_gmt":"2022-12-07T03:12:16","guid":{"rendered":"https:\/\/enjoy-stuttgart.org\/?p=1074"},"modified":"2022-12-07T04:14:07","modified_gmt":"2022-12-07T03:14:07","slug":"ob-nopper-maske-in-bus-und-bahn-soll-weg","status":"publish","type":"post","link":"https:\/\/enjoy-stuttgart.org\/index.php\/ob-nopper-maske-in-bus-und-bahn-soll-weg\/","title":{"rendered":"<strong>OB Nopper: Maske in Bus und Bahn soll weg<\/strong>"},"content":{"rendered":"\n<figure class=\"wp-block-image size-large\"><img decoding=\"async\" src=\"https:\/\/webseiten-daten.cc\/pdf\/salzburg\/media.media.189496fc-c322-4c27-9c54-490af24b331d.original1024.jpg\" alt=\"\"\/><figcaption class=\"wp-element-caption\">Im Dezember 2021 hat die Polizei die Maskenpflicht im Nahverkehr streng kontrolliert. Inzwischen hat sich die Coronalage vergleichsweise entspannt.\u00a0<em>Foto: Lichtgut\/Achim Zweygarth<\/em><\/figcaption><\/figure>\n\n\n\n<p><strong>An vielen Orten muss inzwischen keine Maske mehr getragen werden. Wie lange gilt die Pflicht noch in Bus und Bahn?<\/strong><\/p>\n\n\n\n<p>Mit einem\u00a0<a rel=\"noreferrer noopener\" href=\"https:\/\/www.stuttgarter-zeitung.de\/inhalt.in-bussen-und-bahnen-bayern-schafft-maskenpflicht-ab.28d016b4-332e-42b6-8caa-8ce3ec20e3e6.html\" target=\"_blank\">wohlwollenden Blick nach Bayern<\/a>\u00a0fordert\u00a0<a href=\"https:\/\/www.stuttgarter-nachrichten.de\/thema\/Stuttgart\">Stuttgart<\/a>s Oberb\u00fcrgermeister Frank Nopper (CDU) von Landes-Gesundheitsminister Manfred Lucha (Gr\u00fcne) die Abschaffung der\u00a0<a href=\"https:\/\/www.stuttgarter-nachrichten.de\/thema\/Maskenpflicht\">Maskenpflicht<\/a>\u00a0in Bussen und Bahnen wie bei den Nachbarn zum 10. Dezember. Nopper ist Aufsichtsratsvorsitzender der Stuttgarter Stra\u00dfenbahnen AG (SSB) und des Verkehrsverbunds Stuttgart (VVS). \u201eEs ist nicht nachvollziehbar, warum in Bussen und Bahnen weiterhin eine Maskenpflicht bestehen soll, w\u00e4hrend etwa im engsten Gedr\u00e4nge auf Weihnachtsm\u00e4rkten, im Einzelhandel, in Fu\u00dfballstadien oder in Verkehrsflugzeugen die Maskenpflicht l\u00e4ngst entfallen ist\u201c, so Nopper. Vor ihm hatte der Sprecher des Verbands der Verkehrsbetriebe im Land f\u00fcr die Abschaffung pl\u00e4diert,\u00a0<a rel=\"noreferrer noopener\" href=\"https:\/\/www.stuttgarter-zeitung.de\/inhalt.nahverkehr-im-suedwesten-land-beharrt-auf-maskenpflicht-in-bus-und-bahn.e9ad5825-4637-49b1-8f10-c342f2c8d960.html\" target=\"_blank\">Ministerpr\u00e4sident Winfried Kretschmann (Gr\u00fcne)<\/a>\u00a0will bis Jahresende an der Pflicht festhalten. Verweigerer zahlen ein Bu\u00dfgeld von 70 bis 250 Euro. Nopper schl\u00e4gt vor, die Maskenpflicht in eine Empfehlung insbesondere f\u00fcr vulnerable Bev\u00f6lkerungsgruppen umzuwandeln.<\/p>\n","protected":false},"excerpt":{"rendered":"<p>An vielen Orten muss inzwischen keine Maske mehr getragen werden. Wie lange gilt die Pflicht noch in Bus und Bahn? Mit einem\u00a0wohlwollenden Blick nach Bayern\u00a0fordert\u00a0Stuttgarts Oberb\u00fcrgermeister Frank Nopper (CDU) von&hellip; <\/p>\n","protected":false},"author":1,"featured_media":1075,"comment_status":"open","ping_status":"open","sticky":false,"template":"","format":"standard","meta":{"advanced_seo_description":"","jetpack_seo_html_title":"","jetpack_seo_noindex":false,"jetpack_post_was_ever_published":false,"_jetpack_newsletter_access":"","_jetpack_dont_email_post_to_subs":false,"_jetpack_newsletter_tier_id":0,"_jetpack_memberships_contains_paywalled_content":false,"_jetpack_memberships_contains_paid_content":false,"footnotes":"","jetpack_publicize_message":"","jetpack_publicize_feature_enabled":true,"jetpack_social_post_already_shared":false,"jetpack_social_options":{"image_generator_settings":{"template":"highway","default_image_id":0,"font":"","enabled":false},"version":2}},"categories":[25,23],"tags":[],"class_list":["post-1074","post","type-post","status-publish","format-standard","has-post-thumbnail","hentry","category-gesundheit","category-nachichten"],"jetpack_publicize_connections":[],"jetpack_featured_media_url":"https:\/\/enjoy-stuttgart.org\/wp-content\/uploads\/2022\/12\/media.media_.189496fc-c322-4c27-9c54-490af24b331d.original1024.jpg","jetpack_sharing_enabled":true,"_links":{"self":[{"href":"https:\/\/enjoy-stuttgart.org\/index.php\/wp-json\/wp\/v2\/posts\/1074","targetHints":{"allow":["GET"]}}],"collection":[{"href":"https:\/\/enjoy-stuttgart.org\/index.php\/wp-json\/wp\/v2\/posts"}],"about":[{"href":"https:\/\/enjoy-stuttgart.org\/index.php\/wp-json\/wp\/v2\/types\/post"}],"author":[{"embeddable":true,"href":"https:\/\/enjoy-stuttgart.org\/index.php\/wp-json\/wp\/v2\/users\/1"}],"replies":[{"embeddable":true,"href":"https:\/\/enjoy-stuttgart.org\/index.php\/wp-json\/wp\/v2\/comments?post=1074"}],"version-history":[{"count":1,"href":"https:\/\/enjoy-stuttgart.org\/index.php\/wp-json\/wp\/v2\/posts\/1074\/revisions"}],"predecessor-version":[{"id":1076,"href":"https:\/\/enjoy-stuttgart.org\/index.php\/wp-json\/wp\/v2\/posts\/1074\/revisions\/1076"}],"wp:featuredmedia":[{"embeddable":true,"href":"https:\/\/enjoy-stuttgart.org\/index.php\/wp-json\/wp\/v2\/media\/1075"}],"wp:attachment":[{"href":"https:\/\/enjoy-stuttgart.org\/index.php\/wp-json\/wp\/v2\/media?parent=1074"}],"wp:term":[{"taxonomy":"category","embeddable":true,"href":"https:\/\/enjoy-stuttgart.org\/index.php\/wp-json\/wp\/v2\/categories?post=1074"},{"taxonomy":"post_tag","embeddable":true,"href":"https:\/\/enjoy-stuttgart.org\/index.php\/wp-json\/wp\/v2\/tags?post=1074"}],"curies":[{"name":"wp","href":"https:\/\/api.w.org\/{rel}","templated":true}]}}