{"id":1077,"date":"2022-12-08T06:14:00","date_gmt":"2022-12-08T05:14:00","guid":{"rendered":"https:\/\/enjoy-stuttgart.org\/?p=1077"},"modified":"2022-12-07T04:15:39","modified_gmt":"2022-12-07T03:15:39","slug":"erhalten-die-vfb-spezialisten-neue-aufgaben","status":"publish","type":"post","link":"https:\/\/enjoy-stuttgart.org\/index.php\/erhalten-die-vfb-spezialisten-neue-aufgaben\/","title":{"rendered":"<strong>Erhalten die VfB-Spezialisten neue Aufgaben?<\/strong>"},"content":{"rendered":"\n<figure class=\"wp-block-image size-large\"><img loading=\"lazy\" decoding=\"async\" width=\"1024\" height=\"672\" src=\"https:\/\/enjoy-stuttgart.org\/wp-content\/uploads\/2022\/12\/media.media_.a3a6253e-c241-44e5-85ad-5f2e477ca8bf.original1024-1024x672.jpg\" alt=\"\" class=\"wp-image-1078\" srcset=\"https:\/\/enjoy-stuttgart.org\/wp-content\/uploads\/2022\/12\/media.media_.a3a6253e-c241-44e5-85ad-5f2e477ca8bf.original1024-1024x672.jpg 1024w, https:\/\/enjoy-stuttgart.org\/wp-content\/uploads\/2022\/12\/media.media_.a3a6253e-c241-44e5-85ad-5f2e477ca8bf.original1024-300x197.jpg 300w, https:\/\/enjoy-stuttgart.org\/wp-content\/uploads\/2022\/12\/media.media_.a3a6253e-c241-44e5-85ad-5f2e477ca8bf.original1024-768x504.jpg 768w, https:\/\/enjoy-stuttgart.org\/wp-content\/uploads\/2022\/12\/media.media_.a3a6253e-c241-44e5-85ad-5f2e477ca8bf.original1024.jpg 1200w\" sizes=\"auto, (max-width: 1024px) 100vw, 1024px\" \/><figcaption class=\"wp-element-caption\">Bruno Labbadia freut sich auf die Arbeit beim VfB Stuttgart. Dabei wird der neue Chefcoach wohl auch die Aufgaben im Trainerteam neu verteilen.\u00a0<em>Foto: Baumann\/Cathrin M\u00fcller<\/em><\/figcaption><\/figure>\n\n\n\n<p><strong>Der neue Chefcoach Bruno Labbadia bringt gleich drei Assistenten zum VfB Stuttgart mit \u2013 das k\u00f6nnte Folgen f\u00fcr das weitere Trainerteam haben.<\/strong><\/p>\n\n\n\n<p>Schon an diesem Mittwoch zieht&nbsp;<a href=\"https:\/\/www.stuttgarter-nachrichten.de\/inhalt.neuer-trainer-des-vfb-stuttgart-bruno-labbadias-karriere-in-bildern.f8b1b37b-cf25-44cd-a51f-7df1ab29c9b2.html?\" target=\"_blank\" rel=\"noreferrer noopener\">Bruno Labbadia<\/a>&nbsp;nach Stuttgart. Er will vor Ort sein, um sich beim&nbsp;<a href=\"https:\/\/www.stuttgarter-nachrichten.de\/inhalt.neuer-trainer-bruno-labbadia-die-180-grad-kehrtwende-des-vfb-stuttgart.4d4f3e87-3134-4a46-99cb-7ef518381c8a.html?\" target=\"_blank\" rel=\"noreferrer noopener\">VfB<\/a>&nbsp;in die Arbeit zu st\u00fcrzen. \u201eDann werden wir uns schnell einen \u00dcberblick \u00fcber den Leistungsstand der Mannschaft verschaffen\u201c, sagt der Chefcoach des Fu\u00dfball-Bundesligisten. Mit \u201ewir\u201c meint Labbadia zun\u00e4chst einmal sich selbst und seine beiden frisch verpflichteten Assistenten Bernhard Trares und Benjamin Sachs. Wie der neue Athletiktrainer G\u00fcnter Kern sind sie M\u00e4nner seines Vertrauens.<\/p>\n\n\n\n<p>Lange war Eddy S\u00f6zer an Labbadias Seite, doch der 54-J\u00e4hrige ist aktuell als\u00a0<a href=\"https:\/\/www.stuttgarter-nachrichten.de\/thema\/Co-Trainer\">Co-Trainer<\/a>\u00a0bei Basaksehir in der T\u00fcrkei t\u00e4tigt. Mit Trares spielte Labbadia noch in der Bundesliga zusammen. Sie sind befreundet und arbeiteten zwischen 2015 und 2016 bereits beim Hamburger SV gemeinsam. Sachs (41) war Co-Trainer unter Trares (57) bei Waldhof Mannheim und den W\u00fcrzburger Kickers.<\/p>\n\n\n\n<p>Ab Montag, wenn f\u00fcr die&nbsp;<a href=\"https:\/\/www.stuttgarter-nachrichten.de\/thema\/VfB_Stuttgart\">VfB<\/a>-Spieler der Trainingsauftakt erfolgt, wird sich Labbadia nun nicht nur ein Bild von der Mannschaft machen. Die Situation im Trainerteam soll ebenfalls weiter gekl\u00e4rt werden.&nbsp;<a href=\"https:\/\/www.stuttgarter-nachrichten.de\/inhalt.vfb-stuttgart-so-verabschiedet-sich-michael-wimmer-von-den-fans.d4516a17-ae18-4c8b-9e9a-1445b8e201c8.html\" target=\"_blank\" rel=\"noreferrer noopener\">Michael Wimmer<\/a>, der zuletzt als Interimsl\u00f6sung fungierte, ist weg. Michael Kammermeyer ging schon nach der Trennung von Pellegrino Matarazzo im vergangenen Oktober. Bleiben acht weitere Spezialisten, die zum Trainerstab z\u00e4hlen. Dieser wurde im vergangenen Sommer durch Nate Weiss (Individualtrainer) und Jan Schimpchen (Performance-Analyst) verst\u00e4rkt. Auf Initiative von Sven Mislintat, der die VfB-Profis durch mehr Einzeltraining besser machen wollte.<\/p>\n\n\n\n<p>Doch nun ist Fabian Wohlgemuth neuer Sportdirektor und mit Labbadia ordnet er die Aufgaben neu zu. Denn in Oliver Bartlett und Matthias Schiffers gibt es zwei weitere Athletiktrainer. Martin Franz leitet die Pr\u00e4ventions- und Rehabilitationsma\u00dfnahmen und Steffen Krebs ist Torwarttrainer. Zudem geh\u00f6ren die Spielanalysten Marcus Fregin und Max Lesser zum Trainerteam.<\/p>\n","protected":false},"excerpt":{"rendered":"<p>Der neue Chefcoach Bruno Labbadia bringt gleich drei Assistenten zum VfB Stuttgart mit \u2013 das k\u00f6nnte Folgen f\u00fcr das weitere Trainerteam haben. Schon an diesem Mittwoch zieht&nbsp;Bruno Labbadia&nbsp;nach Stuttgart. Er&hellip; <\/p>\n","protected":false},"author":1,"featured_media":1078,"comment_status":"open","ping_status":"open","sticky":false,"template":"","format":"standard","meta":{"advanced_seo_description":"","jetpack_seo_html_title":"","jetpack_seo_noindex":false,"jetpack_post_was_ever_published":false,"_jetpack_newsletter_access":"","_jetpack_dont_email_post_to_subs":false,"_jetpack_newsletter_tier_id":0,"_jetpack_memberships_contains_paywalled_content":false,"_jetpack_memberships_contains_paid_content":false,"footnotes":"","jetpack_publicize_message":"","jetpack_publicize_feature_enabled":true,"jetpack_social_post_already_shared":false,"jetpack_social_options":{"image_generator_settings":{"template":"highway","default_image_id":0,"font":"","enabled":false},"version":2}},"categories":[21,23,27],"tags":[],"class_list":["post-1077","post","type-post","status-publish","format-standard","has-post-thumbnail","hentry","category-fussball","category-nachichten","category-unterhaltung"],"jetpack_publicize_connections":[],"jetpack_featured_media_url":"https:\/\/enjoy-stuttgart.org\/wp-content\/uploads\/2022\/12\/media.media_.a3a6253e-c241-44e5-85ad-5f2e477ca8bf.original1024.jpg","jetpack_sharing_enabled":true,"_links":{"self":[{"href":"https:\/\/enjoy-stuttgart.org\/index.php\/wp-json\/wp\/v2\/posts\/1077","targetHints":{"allow":["GET"]}}],"collection":[{"href":"https:\/\/enjoy-stuttgart.org\/index.php\/wp-json\/wp\/v2\/posts"}],"about":[{"href":"https:\/\/enjoy-stuttgart.org\/index.php\/wp-json\/wp\/v2\/types\/post"}],"author":[{"embeddable":true,"href":"https:\/\/enjoy-stuttgart.org\/index.php\/wp-json\/wp\/v2\/users\/1"}],"replies":[{"embeddable":true,"href":"https:\/\/enjoy-stuttgart.org\/index.php\/wp-json\/wp\/v2\/comments?post=1077"}],"version-history":[{"count":1,"href":"https:\/\/enjoy-stuttgart.org\/index.php\/wp-json\/wp\/v2\/posts\/1077\/revisions"}],"predecessor-version":[{"id":1079,"href":"https:\/\/enjoy-stuttgart.org\/index.php\/wp-json\/wp\/v2\/posts\/1077\/revisions\/1079"}],"wp:featuredmedia":[{"embeddable":true,"href":"https:\/\/enjoy-stuttgart.org\/index.php\/wp-json\/wp\/v2\/media\/1078"}],"wp:attachment":[{"href":"https:\/\/enjoy-stuttgart.org\/index.php\/wp-json\/wp\/v2\/media?parent=1077"}],"wp:term":[{"taxonomy":"category","embeddable":true,"href":"https:\/\/enjoy-stuttgart.org\/index.php\/wp-json\/wp\/v2\/categories?post=1077"},{"taxonomy":"post_tag","embeddable":true,"href":"https:\/\/enjoy-stuttgart.org\/index.php\/wp-json\/wp\/v2\/tags?post=1077"}],"curies":[{"name":"wp","href":"https:\/\/api.w.org\/{rel}","templated":true}]}}