{"id":1116,"date":"2023-03-20T10:26:42","date_gmt":"2023-03-20T09:26:42","guid":{"rendered":"https:\/\/enjoy-stuttgart.org\/?p=1116"},"modified":"2023-03-20T10:42:18","modified_gmt":"2023-03-20T09:42:18","slug":"die-ssb-wird-bestreikt-2","status":"publish","type":"post","link":"https:\/\/enjoy-stuttgart.org\/index.php\/die-ssb-wird-bestreikt-2\/","title":{"rendered":"Die SSB wird bestreikt"},"content":{"rendered":"\n<h2 class=\"wp-block-heading\">Aktuelle Informationen<\/h2>\n\n\n\n<h3 class=\"wp-block-heading\">Warnstreik am 22. M\u00e4rz 2023<\/h3>\n\n\n\n<p>Stand: 20. M\u00e4rz 2023<\/p>\n\n\n\n<p>Die Gewerkschaft Ver.di hat die Besch\u00e4ftigten der Stuttgarter Stra\u00dfenbahnen (SSB) f\u00fcr kommenden Mittwoch, 22. M\u00e4rz 2023, ab Betriebsbeginn zu einem ganzt\u00e4gigen Warnstreik aufgerufen. SSB-Stadtbahnen, SSB-Busse, Zahnrad- und Seilbahn sowie SSB Flex werden daher den gesamten Mittwoch bis Betriebsschluss nicht fahren. Auch der Ersatzverkehr UE zwischen Pragsattel und Feuerbach Bf der Firma Schlienz entfallen am Streiktag. In Esslingen ist die SVE ebenfalls am 22. M\u00e4rz und voraussichtlich auch am 23. M\u00e4rz betroffen.<\/p>\n\n\n\n<p>Die Kundencentren und die Fundstelle sind geschlossen. Die SSB kann ihren Betrieb aller Voraussicht nach am Donnerstag, dem 23. M\u00e4rz, mit Betriebsbeginn wieder aufnehmen.<\/p>\n\n\n\n<p>Die Busse der Linien 53, 54, 58, 60, 64, 66, 73 und 90 sowie der Zackebus ab 21 Uhr sind trotz Warnstreiks unterwegs. Sie werden von Auftragsunternehmen im Auftrag der SSB gefahren.<\/p>\n\n\n\n<p>Die S-Bahn Stuttgart ist vom Streikaufruf nicht betroffen.<\/p>\n\n\n\n<p>Die&nbsp;<a href=\"https:\/\/www.ssb-ag.de\/fahrplanauskunft\" target=\"_blank\" rel=\"noreferrer noopener\">elektronische Fahrplanauskunft<\/a>&nbsp;zeigt auch am Warnstreiktag alle aktuell nutzbaren Verbindungen im Stuttgarter \u00d6PNV an. Die SSB informiert am Streiktag \u00fcber Abfahrtsanzeiger und mit Durchsagen ihre Fahrg\u00e4ste vor Ort.<\/p>\n\n\n\n<p>Im Einzelfall k\u00f6nnen auch Carsharing, Miet-Roller, E-Bikes zum Leihen oder die private Mitfahrgelegenheit eine gute Alternative sein, um von A nach B zu kommen. Informationen zu Alternativen gibt es in der polygo App (<a rel=\"noreferrer noopener\" href=\"http:\/\/www.mypolygo.de\/\" target=\"_blank\">www.mypolygo.de<\/a>)\u00a0oder unter\u00a0<a rel=\"noreferrer noopener\" href=\"http:\/\/www.vvs.de\/\" target=\"_blank\">www.vvs.de<\/a>\u00a0unter der Rubrik \u201eClever kombinieren\u201c auf der Seite \u201eRundum mobil\u201c.<\/p>\n\n\n<div class=\"wp-block-jetpack-contact-form is-layout-flex wp-container-jetpack-contact-form-is-layout-faa3ad1c wp-block-jetpack-contact-form-is-layout-flex\"><a href=\"https:\/\/enjoy-stuttgart.org\/index.php\/die-ssb-wird-bestreikt-2\/\" target=\"_blank\" rel=\"noopener noreferrer\">Formular einreichen.<\/a><\/div>\n\n\n<h1 class=\"wp-block-heading\">Alle Fragen rund um den Warnstreik<\/h1>\n\n\n\n<h2 class=\"wp-block-heading\">Wie lange dauert der Warnstreik?&nbsp;<\/h2>\n\n\n\n<p>Es handelt sich um einen Warnstreik, der voraussichtlich einen Tag dauert.<\/p>\n\n\n\n<h2 class=\"wp-block-heading\">Werden Verbindungen in der elektronischen Fahrplanauskunft (EFA) aktualisiert?<\/h2>\n\n\n\n<p>Ja, die elektronische Fahrplanauskunft wird Ihnen weiterhin&nbsp;Informationen zu m\u00f6glichen Verbindungen liefern. Um zur EFA zu gelangen klicken Sie&nbsp;<a href=\"https:\/\/efa.vvs.de\/vvs\/XSLT_TRIP_REQUEST2?\" target=\"_blank\" rel=\"noreferrer noopener\">hier.<\/a><\/p>\n\n\n\n<h2 class=\"wp-block-heading\">Welche Linien k\u00f6nnen entfallen?&nbsp;<\/h2>\n\n\n\n<p>Betroffen vom Streik sind alle Stadtbahn- und Buslinien der SSB sowie die Zahnradbahn und die Seilbahn.<\/p>\n\n\n\n<h2 class=\"wp-block-heading\">Welche Ausnahmen gibt es?&nbsp;<\/h2>\n\n\n\n<p>Der Zackebus f\u00e4hrt ab 21:00 Uhr am 22. M\u00e4rz 2023.<\/p>\n\n\n\n<p>Auf folgende Linien fahren Privatunternehmen im Auftrag der SSB. Diese sind vom Warnstreik nicht betroffen. Die Busse fahren planm\u00e4\u00dfig:<\/p>\n\n\n\n<ul class=\"wp-block-list\">\n<li>53 M\u00fchlhausen \u2013 Zuffenhausen<\/li>\n\n\n\n<li>54 Freiberg \u2013 Neugereut<\/li>\n\n\n\n<li>58 Schmiden \u2013 Obere Ziegelei<\/li>\n\n\n\n<li>60 Oeffingen \u2013 Untert\u00fcrkheim<\/li>\n\n\n\n<li>64 Stelle \u2013 Frauenkopf<\/li>\n\n\n\n<li>66 K\u00fchwasen \u2013 Geschwister-Scholl-Gymnasium<\/li>\n\n\n\n<li>73 Degerloch \u2013 Neuhausen<\/li>\n\n\n\n<li>90 Korntal \u2013 Giebel<\/li>\n<\/ul>\n\n\n\n<p>Sie werden von Auftragsunternehmen im Auftrag der SSB gefahren.<\/p>\n\n\n\n<h2 class=\"wp-block-heading\">Gibt es tarifliche Sonderregelungen?<\/h2>\n\n\n\n<p>Aufgrund des Streiks d\u00fcrfen Fahrg\u00e4ste, die mit g\u00fcltigem VVS-Ticket unterwegs sind, ohne Aufpreis alternative Fahrstrecken nutzen, auch wenn sie \u00fcber andere oder mehr Zonen f\u00fchren, als auf dem Ticket stehen. Au\u00dferdem d\u00fcrfen zeitlich begrenzte Tickets im Streikfall schon fr\u00fcher genutzt werden, z. B. bereits vor 9 Uhr.<\/p>\n\n\n\n<h2 class=\"wp-block-heading\">Wie komme ich jetzt weiter?&nbsp;<\/h2>\n\n\n\n<p>S-Bahnen, Regionalbahnen und&nbsp;Taxi&nbsp;sind vom Warnstreik nicht betroffen. Alternativ&nbsp;k\u00f6nnen Fahrgemeinschaften gebildet oder&nbsp;<a href=\"https:\/\/www.mypolygo.de\/partner\/\" target=\"_blank\" rel=\"noreferrer noopener\">Car- und Bikesharing<\/a>&nbsp;genutzt werden.&nbsp;<\/p>\n\n\n\n<h2 class=\"wp-block-heading\">Bekomme ich Geld f\u00fcr meine Fahrkarte erstattet?<\/h2>\n\n\n\n<p>Eine&nbsp;Erstattung&nbsp;ist nicht m\u00f6glich. Die&nbsp;Ank\u00fcndigung zum Warnstreik wurde&nbsp;rechtzeitig \u00fcber alle Medien verbreitet.&nbsp;<\/p>\n\n\n\n<h2 class=\"wp-block-heading\">Werden Taxikosten erstattet?<\/h2>\n\n\n\n<p>Eine Erstattung ist nicht m\u00f6glich.&nbsp;<\/p>\n\n\n\n<h2 class=\"wp-block-heading\">Kann mein Kind wegen des Warnstreik&nbsp;zu&nbsp;Hause bleiben?<\/h2>\n\n\n\n<p>Nein, da die Schulpflicht davon unber\u00fchrt bleibt.&nbsp;<\/p>\n\n\n\n<h2 class=\"wp-block-heading\">Bekomme ich eine Bescheinigung \u00fcber den Busausfall?<\/h2>\n\n\n\n<p>Nein, es wird keine Bescheinigung ausgestellt.&nbsp;<\/p>\n\n\n\n<h2 class=\"wp-block-heading\">Ist SSB-Flex auch betroffen?<\/h2>\n\n\n\n<p>Ja, auch die SSB-Flex&nbsp;Fahrzeuge fahren an dem Streiktag nicht.&nbsp;<\/p>\n\n\n\n<h2 class=\"wp-block-heading\">Haben die Kundenzentren und die Fundstelle&nbsp;ge\u00f6ffnet?<\/h2>\n\n\n\n<p>Die Fundstelle und Kundenzentren&nbsp;der SSB am Charlottenplatz, Roteb\u00fchlplatz und Hauptbahnhof werden ebenfalls bestreikt und daher geschlossen sein.<\/p>\n\n\n\n<h2 class=\"wp-block-heading\">Ist das Stra\u00dfenbahnmuseum in Bad Cannstatt ge\u00f6ffnet?<\/h2>\n\n\n\n<p>Das Stra\u00dfenbahnmuseum Stuttgart wird&nbsp;ebenfalls bestreikt und wird daher geschlossen sein.<\/p>\n\n\n\n<h2 class=\"wp-block-heading\">Sind die Telefondienstleister erreichbar?<\/h2>\n\n\n\n<p>Der SSB-Telefonservice ist ebenfalls vom Warnstreik betroffen. In diesem Fall k\u00f6nnen sich Fahrg\u00e4ste stattdessen an die Mitarbeiter des VVS-Callcenters unter 0711 19449 wenden, die montags bis freitags von 8:00 Uhr bis 18:00 Uhr erreichbar sind, oder rund um die Uhr an die landesweite Fahrplanauskunft unter 01805 77 99 66 (14 Cent pro Minute aus dem deutschen Festnetz) sowie die regionale Mobilit\u00e4tsnummer 0711 320 66 222. Die Reisezentren der DB sind nicht vom Streik betroffen und stehen Kunden am Freitag wie gewohnt zur Verf\u00fcgung.<\/p>\n","protected":false},"excerpt":{"rendered":"<p>Aktuelle Informationen Warnstreik am 22. M\u00e4rz 2023 Stand: 20. M\u00e4rz 2023 Die Gewerkschaft Ver.di hat die Besch\u00e4ftigten der Stuttgarter Stra\u00dfenbahnen (SSB) f\u00fcr kommenden Mittwoch, 22. M\u00e4rz 2023, ab Betriebsbeginn zu&hellip; <\/p>\n","protected":false},"author":1,"featured_media":852,"comment_status":"open","ping_status":"open","sticky":false,"template":"","format":"standard","meta":{"advanced_seo_description":"","jetpack_seo_html_title":"","jetpack_seo_noindex":false,"jetpack_post_was_ever_published":false,"_jetpack_newsletter_access":"","_jetpack_dont_email_post_to_subs":false,"_jetpack_newsletter_tier_id":0,"_jetpack_memberships_contains_paywalled_content":false,"_jetpack_memberships_contains_paid_content":false,"footnotes":"","jetpack_publicize_message":"","jetpack_publicize_feature_enabled":true,"jetpack_social_post_already_shared":false,"jetpack_social_options":{"image_generator_settings":{"template":"highway","default_image_id":0,"font":"","enabled":false},"version":2}},"categories":[20,23,19,18,28],"tags":[],"class_list":["post-1116","post","type-post","status-publish","format-standard","has-post-thumbnail","hentry","category-bahn-s-bahn","category-nachichten","category-social-media","category-stuttgart-hbf","category-vvs"],"jetpack_publicize_connections":[],"jetpack_featured_media_url":"https:\/\/enjoy-stuttgart.org\/wp-content\/uploads\/2021\/08\/gdl-streik-banner-101__v-original.jpg","jetpack_sharing_enabled":true,"_links":{"self":[{"href":"https:\/\/enjoy-stuttgart.org\/index.php\/wp-json\/wp\/v2\/posts\/1116","targetHints":{"allow":["GET"]}}],"collection":[{"href":"https:\/\/enjoy-stuttgart.org\/index.php\/wp-json\/wp\/v2\/posts"}],"about":[{"href":"https:\/\/enjoy-stuttgart.org\/index.php\/wp-json\/wp\/v2\/types\/post"}],"author":[{"embeddable":true,"href":"https:\/\/enjoy-stuttgart.org\/index.php\/wp-json\/wp\/v2\/users\/1"}],"replies":[{"embeddable":true,"href":"https:\/\/enjoy-stuttgart.org\/index.php\/wp-json\/wp\/v2\/comments?post=1116"}],"version-history":[{"count":2,"href":"https:\/\/enjoy-stuttgart.org\/index.php\/wp-json\/wp\/v2\/posts\/1116\/revisions"}],"predecessor-version":[{"id":1119,"href":"https:\/\/enjoy-stuttgart.org\/index.php\/wp-json\/wp\/v2\/posts\/1116\/revisions\/1119"}],"wp:featuredmedia":[{"embeddable":true,"href":"https:\/\/enjoy-stuttgart.org\/index.php\/wp-json\/wp\/v2\/media\/852"}],"wp:attachment":[{"href":"https:\/\/enjoy-stuttgart.org\/index.php\/wp-json\/wp\/v2\/media?parent=1116"}],"wp:term":[{"taxonomy":"category","embeddable":true,"href":"https:\/\/enjoy-stuttgart.org\/index.php\/wp-json\/wp\/v2\/categories?post=1116"},{"taxonomy":"post_tag","embeddable":true,"href":"https:\/\/enjoy-stuttgart.org\/index.php\/wp-json\/wp\/v2\/tags?post=1116"}],"curies":[{"name":"wp","href":"https:\/\/api.w.org\/{rel}","templated":true}]}}