{"id":1277,"date":"2023-09-28T08:16:19","date_gmt":"2023-09-28T06:16:19","guid":{"rendered":"https:\/\/enjoy-stuttgart.org\/?p=1277"},"modified":"2023-09-28T08:17:32","modified_gmt":"2023-09-28T06:17:32","slug":"__trashed","status":"publish","type":"post","link":"https:\/\/enjoy-stuttgart.org\/index.php\/__trashed\/","title":{"rendered":"Wasen"},"content":{"rendered":"\n<p><img loading=\"lazy\" decoding=\"async\" height=\"16\" width=\"16\" alt=\"\ud83c\udfa1\" src=\"https:\/\/static.xx.fbcdn.net\/images\/emoji.php\/v9\/tfb\/1\/16\/1f3a1.png\"> Schon im Jahr 1987 war der Wasen gut gef\u00fcllt. Vor genau 36 Jahren stiegen zum Start des Volksfests 1.000 Luftballons und zudem 3.000 Brieftauben auf. Sie bildeten damit den Auftakt f\u00fcr buntes Jahrmarkttreiben, leuchtende Kinderaugen und Geselligkeit.<\/p>\n\n\n\n<p>Der 142. Cannstatter Wasen fand damals \u00fcbrigens unter dem Motto \u201eTreffpunkt Baden-W\u00fcrttemberg\u201c statt. Damit griffen die Organisatoren den Stiftungsgedanken K\u00f6nig Wilhelms I. auf. Der w\u00fcrttembergische Regent hatte das Fest auf <a><\/a>dem Wasen 1818 f\u00fcr seine Untertanen ins Leben gerufen, um nach einigen harten Jahren voller Not und Missernten f\u00fcr die Landwirtschaft einen Neuanfang zu begr\u00fcnden.<\/p>\n\n\n\n<p>Auch heute noch zeugen beispielsweise die Fruchts\u00e4ule am Eingang oder das Landwirtschaftliche Hauptfest von der langj\u00e4hrigen Tradition des Volksfests.<\/p>\n\n\n\n<p>Foto: Stadtarchiv Stuttgart Bestand Fotoarchiv Firma Kraufmann und Kraufmann, 1069_FN274_22136_51<\/p>\n\n\n\n<figure class=\"wp-block-image size-large\"><img loading=\"lazy\" decoding=\"async\" width=\"1024\" height=\"1024\" src=\"https:\/\/enjoy-stuttgart.org\/wp-content\/uploads\/2023\/09\/376901826_630447669233702_8879969120847441299_n-1024x1024.jpg\" alt=\"\" class=\"wp-image-1278\" srcset=\"https:\/\/enjoy-stuttgart.org\/wp-content\/uploads\/2023\/09\/376901826_630447669233702_8879969120847441299_n-1024x1024.jpg 1024w, https:\/\/enjoy-stuttgart.org\/wp-content\/uploads\/2023\/09\/376901826_630447669233702_8879969120847441299_n-300x300.jpg 300w, https:\/\/enjoy-stuttgart.org\/wp-content\/uploads\/2023\/09\/376901826_630447669233702_8879969120847441299_n-150x150.jpg 150w, https:\/\/enjoy-stuttgart.org\/wp-content\/uploads\/2023\/09\/376901826_630447669233702_8879969120847441299_n-768x768.jpg 768w, https:\/\/enjoy-stuttgart.org\/wp-content\/uploads\/2023\/09\/376901826_630447669233702_8879969120847441299_n.jpg 1080w\" sizes=\"auto, (max-width: 1024px) 100vw, 1024px\" \/><\/figure>\n","protected":false},"excerpt":{"rendered":"<p>Schon im Jahr 1987 war der Wasen gut gef\u00fcllt. Vor genau 36 Jahren stiegen zum Start des Volksfests 1.000 Luftballons und zudem 3.000 Brieftauben auf. Sie bildeten damit den Auftakt&hellip; <\/p>\n","protected":false},"author":1,"featured_media":1278,"comment_status":"open","ping_status":"open","sticky":false,"template":"","format":"standard","meta":{"advanced_seo_description":"","jetpack_seo_html_title":"","jetpack_seo_noindex":false,"jetpack_post_was_ever_published":false,"_jetpack_newsletter_access":"","_jetpack_dont_email_post_to_subs":false,"_jetpack_newsletter_tier_id":0,"_jetpack_memberships_contains_paywalled_content":false,"_jetpack_memberships_contains_paid_content":false,"footnotes":"","jetpack_publicize_message":"","jetpack_publicize_feature_enabled":true,"jetpack_social_post_already_shared":true,"jetpack_social_options":{"image_generator_settings":{"template":"highway","default_image_id":0,"font":"","enabled":false},"version":2}},"categories":[31,27],"tags":[],"class_list":["post-1277","post","type-post","status-publish","format-standard","has-post-thumbnail","hentry","category-stadt-info","category-unterhaltung"],"jetpack_publicize_connections":[],"jetpack_featured_media_url":"https:\/\/enjoy-stuttgart.org\/wp-content\/uploads\/2023\/09\/376901826_630447669233702_8879969120847441299_n.jpg","jetpack_sharing_enabled":true,"_links":{"self":[{"href":"https:\/\/enjoy-stuttgart.org\/index.php\/wp-json\/wp\/v2\/posts\/1277","targetHints":{"allow":["GET"]}}],"collection":[{"href":"https:\/\/enjoy-stuttgart.org\/index.php\/wp-json\/wp\/v2\/posts"}],"about":[{"href":"https:\/\/enjoy-stuttgart.org\/index.php\/wp-json\/wp\/v2\/types\/post"}],"author":[{"embeddable":true,"href":"https:\/\/enjoy-stuttgart.org\/index.php\/wp-json\/wp\/v2\/users\/1"}],"replies":[{"embeddable":true,"href":"https:\/\/enjoy-stuttgart.org\/index.php\/wp-json\/wp\/v2\/comments?post=1277"}],"version-history":[{"count":2,"href":"https:\/\/enjoy-stuttgart.org\/index.php\/wp-json\/wp\/v2\/posts\/1277\/revisions"}],"predecessor-version":[{"id":1280,"href":"https:\/\/enjoy-stuttgart.org\/index.php\/wp-json\/wp\/v2\/posts\/1277\/revisions\/1280"}],"wp:featuredmedia":[{"embeddable":true,"href":"https:\/\/enjoy-stuttgart.org\/index.php\/wp-json\/wp\/v2\/media\/1278"}],"wp:attachment":[{"href":"https:\/\/enjoy-stuttgart.org\/index.php\/wp-json\/wp\/v2\/media?parent=1277"}],"wp:term":[{"taxonomy":"category","embeddable":true,"href":"https:\/\/enjoy-stuttgart.org\/index.php\/wp-json\/wp\/v2\/categories?post=1277"},{"taxonomy":"post_tag","embeddable":true,"href":"https:\/\/enjoy-stuttgart.org\/index.php\/wp-json\/wp\/v2\/tags?post=1277"}],"curies":[{"name":"wp","href":"https:\/\/api.w.org\/{rel}","templated":true}]}}