{"id":1287,"date":"2023-10-02T15:04:55","date_gmt":"2023-10-02T13:04:55","guid":{"rendered":"https:\/\/enjoy-stuttgart.org\/?p=1287"},"modified":"2023-10-02T15:04:58","modified_gmt":"2023-10-02T13:04:58","slug":"45-jahre-vvs","status":"publish","type":"post","link":"https:\/\/enjoy-stuttgart.org\/index.php\/45-jahre-vvs\/","title":{"rendered":"45 Jahre VVS"},"content":{"rendered":"\n<p>Grund genug, ein bisschen zur\u00fcckzublicken, was sich in dieser Zeit im \u00d6PNV in der Region Stuttgart getan hat. Anl\u00e4sslich unseres Jubil\u00e4ums nehmen wir euch mit auf die Reise und starten n\u00e4chsten Donnerstag mit dem Jahr 1978 als im Oktober der VVS-Gemeinschaftstarif eingef\u00fchrt wurde <img loading=\"lazy\" decoding=\"async\" height=\"16\" width=\"16\" src=\"https:\/\/static.xx.fbcdn.net\/images\/emoji.php\/v9\/t4b\/1\/16\/1f4dc.png\" alt=\"\ud83d\udcdc\"><\/p>\n\n\n\n<p>Wir freuen uns die Verbundgeschichte mit euch Revue passieren zu lassen und sie nochmal gemeinsam zu erleben. Ihr habt Fotos aus 45 Jahre VVS und wart zum Beispiel bei der Er\u00f6ffnung einer neuen Linie dabei? Habt euren Partner im Bus kennen gelernt? Oder noch alte Fahrkarten aus der Schulzeit eurer Eltern? Dann schickt uns gerne eure Fotos und erz\u00e4hlt die Geschichte hinter dem Bild. Die besten Stories ver\u00f6ffentlichen wir online und in unserem Kundenmagazin <img loading=\"lazy\" decoding=\"async\" height=\"16\" width=\"16\" src=\"https:\/\/static.xx.fbcdn.net\/images\/emoji.php\/v9\/tce\/1\/16\/1f600.png\" alt=\"\ud83d\ude00\"><\/p>\n\n\n\n<figure class=\"wp-block-image size-large\"><img loading=\"lazy\" decoding=\"async\" width=\"1024\" height=\"1024\" src=\"https:\/\/enjoy-stuttgart.org\/wp-content\/uploads\/2023\/10\/384995709_712027374298951_2288886946657622036_n-1024x1024.jpg\" alt=\"\" class=\"wp-image-1288\" srcset=\"https:\/\/enjoy-stuttgart.org\/wp-content\/uploads\/2023\/10\/384995709_712027374298951_2288886946657622036_n-1024x1024.jpg 1024w, https:\/\/enjoy-stuttgart.org\/wp-content\/uploads\/2023\/10\/384995709_712027374298951_2288886946657622036_n-300x300.jpg 300w, https:\/\/enjoy-stuttgart.org\/wp-content\/uploads\/2023\/10\/384995709_712027374298951_2288886946657622036_n-150x150.jpg 150w, https:\/\/enjoy-stuttgart.org\/wp-content\/uploads\/2023\/10\/384995709_712027374298951_2288886946657622036_n-768x768.jpg 768w, https:\/\/enjoy-stuttgart.org\/wp-content\/uploads\/2023\/10\/384995709_712027374298951_2288886946657622036_n-1536x1536.jpg 1536w, https:\/\/enjoy-stuttgart.org\/wp-content\/uploads\/2023\/10\/384995709_712027374298951_2288886946657622036_n.jpg 2048w\" sizes=\"auto, (max-width: 1024px) 100vw, 1024px\" \/><\/figure>\n","protected":false},"excerpt":{"rendered":"<p>Grund genug, ein bisschen zur\u00fcckzublicken, was sich in dieser Zeit im \u00d6PNV in der Region Stuttgart getan hat. Anl\u00e4sslich unseres Jubil\u00e4ums nehmen wir euch mit auf die Reise und starten&hellip; <\/p>\n","protected":false},"author":1,"featured_media":1288,"comment_status":"open","ping_status":"open","sticky":false,"template":"","format":"standard","meta":{"advanced_seo_description":"","jetpack_seo_html_title":"","jetpack_seo_noindex":false,"jetpack_post_was_ever_published":false,"_jetpack_newsletter_access":"","_jetpack_dont_email_post_to_subs":false,"_jetpack_newsletter_tier_id":0,"_jetpack_memberships_contains_paywalled_content":false,"_jetpack_memberships_contains_paid_content":false,"footnotes":"","jetpack_publicize_message":"","jetpack_publicize_feature_enabled":true,"jetpack_social_post_already_shared":true,"jetpack_social_options":{"image_generator_settings":{"template":"highway","default_image_id":0,"font":"","enabled":false},"version":2}},"categories":[28],"tags":[],"class_list":["post-1287","post","type-post","status-publish","format-standard","has-post-thumbnail","hentry","category-vvs"],"jetpack_publicize_connections":[],"jetpack_featured_media_url":"https:\/\/enjoy-stuttgart.org\/wp-content\/uploads\/2023\/10\/384995709_712027374298951_2288886946657622036_n.jpg","jetpack_sharing_enabled":true,"_links":{"self":[{"href":"https:\/\/enjoy-stuttgart.org\/index.php\/wp-json\/wp\/v2\/posts\/1287","targetHints":{"allow":["GET"]}}],"collection":[{"href":"https:\/\/enjoy-stuttgart.org\/index.php\/wp-json\/wp\/v2\/posts"}],"about":[{"href":"https:\/\/enjoy-stuttgart.org\/index.php\/wp-json\/wp\/v2\/types\/post"}],"author":[{"embeddable":true,"href":"https:\/\/enjoy-stuttgart.org\/index.php\/wp-json\/wp\/v2\/users\/1"}],"replies":[{"embeddable":true,"href":"https:\/\/enjoy-stuttgart.org\/index.php\/wp-json\/wp\/v2\/comments?post=1287"}],"version-history":[{"count":1,"href":"https:\/\/enjoy-stuttgart.org\/index.php\/wp-json\/wp\/v2\/posts\/1287\/revisions"}],"predecessor-version":[{"id":1289,"href":"https:\/\/enjoy-stuttgart.org\/index.php\/wp-json\/wp\/v2\/posts\/1287\/revisions\/1289"}],"wp:featuredmedia":[{"embeddable":true,"href":"https:\/\/enjoy-stuttgart.org\/index.php\/wp-json\/wp\/v2\/media\/1288"}],"wp:attachment":[{"href":"https:\/\/enjoy-stuttgart.org\/index.php\/wp-json\/wp\/v2\/media?parent=1287"}],"wp:term":[{"taxonomy":"category","embeddable":true,"href":"https:\/\/enjoy-stuttgart.org\/index.php\/wp-json\/wp\/v2\/categories?post=1287"},{"taxonomy":"post_tag","embeddable":true,"href":"https:\/\/enjoy-stuttgart.org\/index.php\/wp-json\/wp\/v2\/tags?post=1287"}],"curies":[{"name":"wp","href":"https:\/\/api.w.org\/{rel}","templated":true}]}}