{"id":1506,"date":"2024-01-26T17:27:10","date_gmt":"2024-01-26T16:27:10","guid":{"rendered":"https:\/\/enjoy-stuttgart.org\/?p=1506"},"modified":"2024-01-26T17:27:11","modified_gmt":"2024-01-26T16:27:11","slug":"27-januar-ist-der-tag-des-gedenkens-an-die-opfer-des-nationalsozialismus","status":"publish","type":"post","link":"https:\/\/enjoy-stuttgart.org\/index.php\/27-januar-ist-der-tag-des-gedenkens-an-die-opfer-des-nationalsozialismus\/","title":{"rendered":"27. Januar ist der Tag des Gedenkens an die Opfer des Nationalsozialismus"},"content":{"rendered":"\n<p>Am 27. Januar ist der Tag des Gedenkens an die Opfer des Nationalsozialismus. Aus diesem Anlass laden der Weissenburg e.V. \u2013 Zentrum LSBTTIQ Stuttgart und die Initiative Lern\u2010 und Gedenkort Hotel Silber zum Gedenken am Stolperstein f\u00fcr K\u00e4the Loewenthal ein.<\/p>\n\n\n\n<p>Das Projekt findet in Kooperation mit der st\u00e4dtischen Abteilung f\u00fcr Chancengleichheit statt und wird durch die Koordinierungsstelle Erinnerungskultur der Landeshauptstadt gef\u00f6rdert.<\/p>\n\n\n\n<figure class=\"wp-block-image size-large\"><img loading=\"lazy\" decoding=\"async\" width=\"1024\" height=\"1024\" src=\"https:\/\/enjoy-stuttgart.org\/wp-content\/uploads\/2024\/01\/1-5-1024x1024.jpg\" alt=\"\" class=\"wp-image-1507\" srcset=\"https:\/\/enjoy-stuttgart.org\/wp-content\/uploads\/2024\/01\/1-5-1024x1024.jpg 1024w, https:\/\/enjoy-stuttgart.org\/wp-content\/uploads\/2024\/01\/1-5-300x300.jpg 300w, https:\/\/enjoy-stuttgart.org\/wp-content\/uploads\/2024\/01\/1-5-150x150.jpg 150w, https:\/\/enjoy-stuttgart.org\/wp-content\/uploads\/2024\/01\/1-5-768x768.jpg 768w, https:\/\/enjoy-stuttgart.org\/wp-content\/uploads\/2024\/01\/1-5.jpg 1080w\" sizes=\"auto, (max-width: 1024px) 100vw, 1024px\" \/><\/figure>\n\n\n\n<figure class=\"wp-block-image size-large\"><img decoding=\"async\" src=\"https:\/\/webseiten-daten.cc\/pdf\/stuttgart\/0aaa2024\/0frauloewenthal\/2.jpg\" alt=\"\"\/><\/figure>\n\n\n\n<figure class=\"wp-block-image size-large\"><img decoding=\"async\" src=\"https:\/\/webseiten-daten.cc\/pdf\/stuttgart\/0aaa2024\/0frauloewenthal\/3.jpg\" alt=\"\"\/><\/figure>\n\n\n\n<figure class=\"wp-block-image size-large\"><img decoding=\"async\" src=\"https:\/\/webseiten-daten.cc\/pdf\/stuttgart\/0aaa2024\/0frauloewenthal\/4.jpg\" alt=\"\"\/><\/figure>\n\n\n\n<figure class=\"wp-block-image size-large\"><img decoding=\"async\" src=\"https:\/\/webseiten-daten.cc\/pdf\/stuttgart\/0aaa2024\/0frauloewenthal\/5.jpg\" alt=\"\"\/><\/figure>\n\n\n\n<figure class=\"wp-block-image size-large\"><img decoding=\"async\" src=\"https:\/\/webseiten-daten.cc\/pdf\/stuttgart\/0aaa2024\/0frauloewenthal\/6.jpg\" alt=\"\"\/><\/figure>\n","protected":false},"excerpt":{"rendered":"<p>Am 27. Januar ist der Tag des Gedenkens an die Opfer des Nationalsozialismus. Aus diesem Anlass laden der Weissenburg e.V. \u2013 Zentrum LSBTTIQ Stuttgart und die Initiative Lern\u2010 und Gedenkort&hellip; <\/p>\n","protected":false},"author":1,"featured_media":1507,"comment_status":"open","ping_status":"open","sticky":false,"template":"","format":"standard","meta":{"advanced_seo_description":"","jetpack_seo_html_title":"","jetpack_seo_noindex":false,"jetpack_post_was_ever_published":false,"_jetpack_newsletter_access":"","_jetpack_dont_email_post_to_subs":false,"_jetpack_newsletter_tier_id":0,"_jetpack_memberships_contains_paywalled_content":false,"_jetpack_memberships_contains_paid_content":false,"footnotes":"","jetpack_publicize_message":"","jetpack_publicize_feature_enabled":true,"jetpack_social_post_already_shared":true,"jetpack_social_options":{"image_generator_settings":{"template":"highway","default_image_id":0,"font":"","enabled":false},"version":2}},"categories":[35,31],"tags":[],"class_list":["post-1506","post","type-post","status-publish","format-standard","has-post-thumbnail","hentry","category-geschichte","category-stadt-info"],"jetpack_publicize_connections":[],"jetpack_featured_media_url":"https:\/\/enjoy-stuttgart.org\/wp-content\/uploads\/2024\/01\/1-5.jpg","jetpack_sharing_enabled":true,"_links":{"self":[{"href":"https:\/\/enjoy-stuttgart.org\/index.php\/wp-json\/wp\/v2\/posts\/1506","targetHints":{"allow":["GET"]}}],"collection":[{"href":"https:\/\/enjoy-stuttgart.org\/index.php\/wp-json\/wp\/v2\/posts"}],"about":[{"href":"https:\/\/enjoy-stuttgart.org\/index.php\/wp-json\/wp\/v2\/types\/post"}],"author":[{"embeddable":true,"href":"https:\/\/enjoy-stuttgart.org\/index.php\/wp-json\/wp\/v2\/users\/1"}],"replies":[{"embeddable":true,"href":"https:\/\/enjoy-stuttgart.org\/index.php\/wp-json\/wp\/v2\/comments?post=1506"}],"version-history":[{"count":1,"href":"https:\/\/enjoy-stuttgart.org\/index.php\/wp-json\/wp\/v2\/posts\/1506\/revisions"}],"predecessor-version":[{"id":1508,"href":"https:\/\/enjoy-stuttgart.org\/index.php\/wp-json\/wp\/v2\/posts\/1506\/revisions\/1508"}],"wp:featuredmedia":[{"embeddable":true,"href":"https:\/\/enjoy-stuttgart.org\/index.php\/wp-json\/wp\/v2\/media\/1507"}],"wp:attachment":[{"href":"https:\/\/enjoy-stuttgart.org\/index.php\/wp-json\/wp\/v2\/media?parent=1506"}],"wp:term":[{"taxonomy":"category","embeddable":true,"href":"https:\/\/enjoy-stuttgart.org\/index.php\/wp-json\/wp\/v2\/categories?post=1506"},{"taxonomy":"post_tag","embeddable":true,"href":"https:\/\/enjoy-stuttgart.org\/index.php\/wp-json\/wp\/v2\/tags?post=1506"}],"curies":[{"name":"wp","href":"https:\/\/api.w.org\/{rel}","templated":true}]}}