{"id":1578,"date":"2024-02-28T20:13:59","date_gmt":"2024-02-28T19:13:59","guid":{"rendered":"https:\/\/enjoy-stuttgart.org\/?p=1578"},"modified":"2024-02-28T20:14:00","modified_gmt":"2024-02-28T19:14:00","slug":"legen-die-demos-am-freitag-die-stadt-lahm","status":"publish","type":"post","link":"https:\/\/enjoy-stuttgart.org\/index.php\/legen-die-demos-am-freitag-die-stadt-lahm\/","title":{"rendered":"Legen die Demos am Freitag die Stadt lahm?"},"content":{"rendered":"\n<p><strong>Am Freitag ziehen Besch\u00e4ftigte der Stuttgarter Stra\u00dfenbahnen (SSB) wegen eines Warnstreiks zu einer Kundgebung auf den Stuttgarter Marktplatz. Ein B\u00fcndnis aus der Bauwirtschaft will zeitgleich bei einer Sternfahrt mit Baumaschinen zum Karlsplatz, um dort zu demonstrieren.<\/strong><\/p>\n\n\n\n<p>Nach den\u00a0<a href=\"https:\/\/www.stuttgarter-zeitung.de\/inhalt.bauernprotest-in-stuttgart-gut-3000-traktoren-tuckern-ueber-stunden-in-die-stadt.5d499b50-5f8a-4037-9ce3-8a32c5eab736.html\" target=\"_blank\" rel=\"noreferrer noopener\">Protesten der Landwirte\u00a0<\/a>ist vor den Protesten der Bauwirtschaft. F\u00fcr diesen Freitag ruft das B\u00fcndnis \u201eImpulse f\u00fcr den Wohnungsbau\u201c zu einem Aktionstag auf \u2013 inklusive einer Sternfahrt mit schwerem Ger\u00e4t. Die Polizei will den Aufzug, der unter dem Motto \u201eLasst uns wieder bauen \u2013 f\u00f6rdert mehr (Bauen)!\u201c steht, in geordnete Bahnen lenken und hat deshalb f\u00fcr die Demonstranten Auflagen erlassen. Zeitgleich legt der Verdi-Streik die Busse und Bahnen der\u00a0<a href=\"https:\/\/www.stuttgarter-zeitung.de\/thema\/Stuttgart\">Stuttgart<\/a>er Stra\u00dfenbahnen (SSB) lahm.<\/p>\n\n\n\n<h2 class=\"wp-block-heading\">Sternfahrt von drei Startpunkten<\/h2>\n\n\n\n<p>Beim Ordnungsamt der Stadt, wo Demos angemeldet werden m\u00fcssen, geht man unter Hinweis auf Veranstalterangaben von bis zu 1000 Teilnehmern aus \u2013 und mehr als 190 Baufahrzeugen, die sich in einer Sternfahrt dem Kundgebungsort auf dem Karlsplatz n\u00e4hern. Die Konvois starten zwischen 10 und 10.30 Uhr an drei Orten in der Stadt: am Birkenkopf, auf der Waldau und am Wasen. Welche Strecke die Fahrzeugkolonnen genau nehmen, ist noch nicht klar.<\/p>\n\n\n\n<p>Die Polizei wird vor Ort sein und die motorisierten&nbsp;<a href=\"https:\/\/www.stuttgarter-zeitung.de\/thema\/Demonstration\">Demonstration<\/a>sz\u00fcge eskortieren. F\u00fcr die meisten der Fahrzeuge ist am Charlottenplatz Schluss. Lediglich zehn Baufahrzeuge d\u00fcrfen von der zentralen Kreuzung aus aus eine Ehrenrunde \u00fcber die Planie drehen. Alle anderen m\u00fcssen sich dem \u00fcbrigen Verkehr anschlie\u00dfen. Die Kundgebung auf dem Karlsplatz ist f\u00fcr die Zeit zwischen 11 und 13 Uhr angek\u00fcndigt. Dazwischen, gegen 12 Uhr, will die Bauwirtschaft Baden-W\u00fcrttembergs Landesverkehrsminister Winfried Hermann (Gr\u00fcne) eine Petition \u00fcberreichen.<\/p>\n\n\n\n<h2 class=\"wp-block-heading\">Demozug der SSB-Mitarbeiter zum Marktplatz<\/h2>\n\n\n\n<p>Der Aufzug der Bauleute ist nicht die einzige Protestveranstaltung, die am Freitag das Bild der Innenstadt pr\u00e4gen wird. Am zweiten Tag des am Donnerstag beginnenden Verdi-Streiks bei den Stuttgarter Stra\u00dfenbahnen (SSB),&nbsp;<a href=\"https:\/\/www.stuttgarter-zeitung.de\/inhalt.erneuter-streik-im-stuttgarter-nahverkehr-donnerstag-und-freitag-stehen-die-ssb-busse-und-stadtbahnen-still.7cec1f0f-6dda-4165-ae9f-db367306ec18.html\" target=\"_blank\" rel=\"noreferrer noopener\">der Busse und Stadtbahnen weitgehend lahm legen wird<\/a>, wollen die Besch\u00e4ftigten auf dem Marktplatz ihrem Unmut Luft machen.<a href=\"https:\/\/www.stuttgarter-zeitung.de\/inhalt.aktionstag-am-1-maerz-naechster-ssb-stillstand-wegen-klimastreik.f94b3361-33bf-4fd2-9d42-097f08cddfee.html\" target=\"_blank\" rel=\"noreferrer noopener\">&nbsp;Unterst\u00fctzt werden&nbsp;<\/a>sie dabei vom Zusammenschluss \u201eFridays for future\u201c. Nach der Streikversammlung ziehen die Teilnehmer um 10.30 Uhr vom Gewerkschaftshaus an der Willi-Bleicher-Stra\u00dfe zur Kundgebung auf den Marktplatz.<\/p>\n\n\n\n<p><a href=\"https:\/\/www.stuttgarter-zeitung.de\/inhalt.ssb-streik-und-bau-proteste-legen-die-demos-am-freitag-die-stadt-lahm.2336a606-2a2c-4636-91cf-904102a1993d.html\" target=\"_blank\" rel=\"noreferrer noopener\"><\/a><\/p>\n","protected":false},"excerpt":{"rendered":"<p>Am Freitag ziehen Besch\u00e4ftigte der Stuttgarter Stra\u00dfenbahnen (SSB) wegen eines Warnstreiks zu einer Kundgebung auf den Stuttgarter Marktplatz. Ein B\u00fcndnis aus der Bauwirtschaft will zeitgleich bei einer Sternfahrt mit Baumaschinen&hellip; <\/p>\n","protected":false},"author":1,"featured_media":1579,"comment_status":"open","ping_status":"open","sticky":false,"template":"","format":"standard","meta":{"advanced_seo_description":"","jetpack_seo_html_title":"","jetpack_seo_noindex":false,"jetpack_post_was_ever_published":false,"_jetpack_newsletter_access":"","_jetpack_dont_email_post_to_subs":false,"_jetpack_newsletter_tier_id":0,"_jetpack_memberships_contains_paywalled_content":false,"_jetpack_memberships_contains_paid_content":false,"footnotes":"","jetpack_publicize_message":"","jetpack_publicize_feature_enabled":true,"jetpack_social_post_already_shared":true,"jetpack_social_options":{"image_generator_settings":{"template":"highway","default_image_id":0,"font":"","enabled":false},"version":2}},"categories":[20,31,28],"tags":[],"class_list":["post-1578","post","type-post","status-publish","format-standard","has-post-thumbnail","hentry","category-bahn-s-bahn","category-stadt-info","category-vvs"],"jetpack_publicize_connections":[],"jetpack_featured_media_url":"https:\/\/enjoy-stuttgart.org\/wp-content\/uploads\/2024\/02\/Warnstreik_Website_header.jpg","jetpack_sharing_enabled":true,"_links":{"self":[{"href":"https:\/\/enjoy-stuttgart.org\/index.php\/wp-json\/wp\/v2\/posts\/1578","targetHints":{"allow":["GET"]}}],"collection":[{"href":"https:\/\/enjoy-stuttgart.org\/index.php\/wp-json\/wp\/v2\/posts"}],"about":[{"href":"https:\/\/enjoy-stuttgart.org\/index.php\/wp-json\/wp\/v2\/types\/post"}],"author":[{"embeddable":true,"href":"https:\/\/enjoy-stuttgart.org\/index.php\/wp-json\/wp\/v2\/users\/1"}],"replies":[{"embeddable":true,"href":"https:\/\/enjoy-stuttgart.org\/index.php\/wp-json\/wp\/v2\/comments?post=1578"}],"version-history":[{"count":1,"href":"https:\/\/enjoy-stuttgart.org\/index.php\/wp-json\/wp\/v2\/posts\/1578\/revisions"}],"predecessor-version":[{"id":1580,"href":"https:\/\/enjoy-stuttgart.org\/index.php\/wp-json\/wp\/v2\/posts\/1578\/revisions\/1580"}],"wp:featuredmedia":[{"embeddable":true,"href":"https:\/\/enjoy-stuttgart.org\/index.php\/wp-json\/wp\/v2\/media\/1579"}],"wp:attachment":[{"href":"https:\/\/enjoy-stuttgart.org\/index.php\/wp-json\/wp\/v2\/media?parent=1578"}],"wp:term":[{"taxonomy":"category","embeddable":true,"href":"https:\/\/enjoy-stuttgart.org\/index.php\/wp-json\/wp\/v2\/categories?post=1578"},{"taxonomy":"post_tag","embeddable":true,"href":"https:\/\/enjoy-stuttgart.org\/index.php\/wp-json\/wp\/v2\/tags?post=1578"}],"curies":[{"name":"wp","href":"https:\/\/api.w.org\/{rel}","templated":true}]}}