{"id":1581,"date":"2024-02-28T20:15:21","date_gmt":"2024-02-28T19:15:21","guid":{"rendered":"https:\/\/enjoy-stuttgart.org\/?p=1581"},"modified":"2024-02-28T20:15:23","modified_gmt":"2024-02-28T19:15:23","slug":"die-ssb-wird-bestreikt-3","status":"publish","type":"post","link":"https:\/\/enjoy-stuttgart.org\/index.php\/die-ssb-wird-bestreikt-3\/","title":{"rendered":"Die SSB wird bestreikt"},"content":{"rendered":"\n<p><h3 class=\"hyphenate\" style=\"box-sizing: inherit; margin: 0px 0px 1.625rem; padding: 0px; font-family: Hind, &quot;Helvetica Neue&quot;, Helvetica, Arial, sans-serif; font-weight: 500; color: rgb(10, 10, 10); text-rendering: optimizelegibility; font-size: 2rem; line-height: 1; hyphens: auto; white-space-collapse: collapse; background-color: rgb(245, 245, 246);\">Warnstreik am 29. Februar und 1. M\u00e4rz 2024<\/h3><\/p>\n\n\n\n<figure class=\"wp-block-image size-large\"><img loading=\"lazy\" decoding=\"async\" width=\"1024\" height=\"267\" src=\"https:\/\/enjoy-stuttgart.org\/wp-content\/uploads\/2024\/02\/Warnstreik_Website_header-1024x267.jpg\" alt=\"\" class=\"wp-image-1579\" srcset=\"https:\/\/enjoy-stuttgart.org\/wp-content\/uploads\/2024\/02\/Warnstreik_Website_header-1024x267.jpg 1024w, https:\/\/enjoy-stuttgart.org\/wp-content\/uploads\/2024\/02\/Warnstreik_Website_header-300x78.jpg 300w, https:\/\/enjoy-stuttgart.org\/wp-content\/uploads\/2024\/02\/Warnstreik_Website_header-768x200.jpg 768w, https:\/\/enjoy-stuttgart.org\/wp-content\/uploads\/2024\/02\/Warnstreik_Website_header-1536x400.jpg 1536w, https:\/\/enjoy-stuttgart.org\/wp-content\/uploads\/2024\/02\/Warnstreik_Website_header.jpg 1920w\" sizes=\"auto, (max-width: 1024px) 100vw, 1024px\" \/><\/figure>\n\n\n\n<h4 class=\"wp-block-heading\">Stand: 26. Februar 2024<\/h4>\n\n\n\n<p>Die Gewerkschaft ver.di hat die Besch\u00e4ftigten der Stuttgarter Stra\u00dfenbahnen (SSB) f\u00fcr Donnerstag, den 29. Februar und Freitag, den 1. M\u00e4rz 2024 ab Betriebsbeginn zu einem ganzt\u00e4gigen Warnstreik aufgerufen. SSB-Stadtbahnen, SSB-Busse, Zahnrad- und Seilbahn sowie SSB Flex werden daher an beiden Tagen bis Betriebsschluss nicht fahren. In den N\u00e4chten werden auch keine SSB-Nachtbusse fahren.<\/p>\n\n\n\n<p>Die Kundenzentren und die Fundstelle sind geschlossen. Der Kundenservice ist nicht erreichbar.<\/p>\n\n\n\n<p>Die Busse der Linien 53, 54, 58, 60, 64, 66, 73 und 90 sind trotz Warnstreiks unterwegs. Sie werden von Auftragsunternehmen im Auftrag der SSB gefahren.<\/p>\n\n\n\n<p>Die Busse des St\u00e4dtischen Verkehrsbetriebs Esslingen (SVE) sind ebenfalls betroffen und werden nicht fahren.&nbsp;<a href=\"https:\/\/www.vvs.de\/verdi\" target=\"_blank\" rel=\"noreferrer noopener\">N\u00e4here Informationen dazu finden Sie auf der Website des VVS<\/a>.<\/p>\n\n\n\n<p>Die&nbsp;<a href=\"https:\/\/www.ssb-ag.de\/fahrplanauskunft\" target=\"_blank\" rel=\"noreferrer noopener\">elektronische Fahrplanauskunft<\/a>&nbsp;zeigt auch am Warnstreiktag alle aktuell nutzbaren Verbindungen im Stuttgarter \u00d6PNV an. Die SSB informiert am Streiktag \u00fcber Abfahrtsanzeiger und mit Durchsagen ihre Fahrg\u00e4ste vor Ort.<\/p>\n\n\n\n<p>Die SSB kann ihren Betrieb aller Voraussicht nach am Samstag, den 2. M\u00e4rz, mit Betriebsbeginn wieder aufnehmen.<\/p>\n\n\n\n<p>Im Einzelfall k\u00f6nnen auch Carsharing, Miet-Roller, E-Bikes zum Leihen oder die private Mitfahrgelegenheit eine gute Alternative sein, um von A nach B zu kommen. Informationen zu Alternativen gibt es in der polygo App (<a href=\"http:\/\/www.mypolygo.de\/\" target=\"_blank\" rel=\"noreferrer noopener\">www.mypolygo.de<\/a>) oder unter&nbsp;<a href=\"http:\/\/www.vvs.de\/\" target=\"_blank\" rel=\"noreferrer noopener\">www.vvs.de<\/a>&nbsp;unter der Rubrik &#8222;Clever kombinieren&#8220; auf der Seite &#8222;Rundum mobil&#8220;.<\/p>\n\n\n\n<h2 class=\"wp-block-heading\">Alle Fragen rund um den Warnstreik<\/h2>\n\n\n\n<h3 class=\"wp-block-heading\">Wie lange dauert der Warnstreik?&nbsp;<\/h3>\n\n\n\n<p>Es handelt sich um einen Warnstreik, der voraussichtlich zwei Tage dauert.<\/p>\n\n\n\n<h3 class=\"wp-block-heading\">Werden Verbindungen in der elektronischen Fahrplanauskunft (EFA) aktualisiert?<\/h3>\n\n\n\n<p>Ja, die elektronische Fahrplanauskunft wird Ihnen weiterhin Informationen zu m\u00f6glichen Verbindungen liefern.&nbsp;<a href=\"https:\/\/www.ssb-ag.de\/vvs-fahrplanauskunft\/\">Sie gelangen zur EFA \u00fcber diesen Link.<\/a><\/p>\n\n\n\n<h3 class=\"wp-block-heading\">Welche Linien k\u00f6nnen entfallen?<\/h3>\n\n\n\n<p>Betroffen vom Streik sind alle Stadtbahn- und Buslinien der SSB sowie die Zahnradbahn und die Seilbahn.<\/p>\n\n\n\n<h3 class=\"wp-block-heading\">Welche Ausnahmen gibt es?<\/h3>\n\n\n\n<p>Auf folgende Linien fahren Privatunternehmen im Auftrag der SSB. Diese sind vom Warnstreik nicht betroffen. Die Busse fahren planm\u00e4\u00dfig:<\/p>\n\n\n\n<ul class=\"wp-block-list\">\n<li>53 M\u00fchlhausen \u2013 Zuffenhausen<\/li>\n\n\n\n<li>54 Freiberg \u2013 Neugereut<\/li>\n\n\n\n<li>58 Schmiden \u2013 Obere Ziegelei<\/li>\n\n\n\n<li>60 Oeffingen \u2013 Untert\u00fcrkheim<\/li>\n\n\n\n<li>64 Stelle \u2013 Frauenkopf<\/li>\n\n\n\n<li>66 K\u00fchwasen \u2013 Geschwister-Scholl-Gymnasium<\/li>\n\n\n\n<li>73 Degerloch \u2013 Neuhausen<\/li>\n\n\n\n<li>90 Korntal \u2013 Giebel<\/li>\n<\/ul>\n\n\n\n<p>Sie werden von Auftragsunternehmen im Auftrag der SSB gefahren.<\/p>\n\n\n\n<h3 class=\"wp-block-heading\">Gibt es tarifliche Sonderregelungen?<\/h3>\n\n\n\n<p>Aufgrund des Streiks d\u00fcrfen Fahrg\u00e4ste, die mit g\u00fcltigem VVS-Ticket unterwegs sind, ohne Aufpreis alternative Fahrstrecken nutzen, auch wenn sie \u00fcber andere oder mehr Zonen f\u00fchren, als auf dem Ticket stehen. Au\u00dferdem d\u00fcrfen zeitlich begrenzte Tickets im Streikfall schon fr\u00fcher genutzt werden, z. B. bereits vor 9 Uhr.<\/p>\n\n\n\n<h3 class=\"wp-block-heading\">Wie komme ich jetzt weiter?&nbsp;<\/h3>\n\n\n\n<p>Taxis sind vom Warnstreik nicht betroffen. Alternativ&nbsp;k\u00f6nnen Fahrgemeinschaften gebildet oder&nbsp;<a href=\"https:\/\/www.mypolygo.de\/partner\/\" target=\"_blank\" rel=\"noreferrer noopener\">Car- und Bikesharing<\/a>&nbsp;genutzt werden.<\/p>\n\n\n\n<h3 class=\"wp-block-heading\">Bekomme ich Geld f\u00fcr meine Fahrkarte erstattet?<\/h3>\n\n\n\n<p>Eine&nbsp;Erstattung&nbsp;ist nicht m\u00f6glich. Die&nbsp;Ank\u00fcndigung zum Warnstreik wurde&nbsp;rechtzeitig \u00fcber alle Medien verbreitet.<\/p>\n\n\n\n<h3 class=\"wp-block-heading\">Werden Taxikosten erstattet?<\/h3>\n\n\n\n<p>Eine Erstattung ist nicht m\u00f6glich.<\/p>\n\n\n\n<h3 class=\"wp-block-heading\">Kann mein Kind wegen des Warnstreik zu Hause bleiben?<\/h3>\n\n\n\n<p>Nein, da die Schulpflicht davon unber\u00fchrt bleibt.<\/p>\n\n\n\n<h3 class=\"wp-block-heading\">Bekomme ich eine Bescheinigung \u00fcber den Ausfall?<\/h3>\n\n\n\n<p>Nein, es wird keine Bescheinigung ausgestellt.&nbsp;<\/p>\n\n\n\n<h3 class=\"wp-block-heading\">Ist SSB-Flex auch betroffen?<\/h3>\n\n\n\n<p>Ja, die SSB-Flex Fahrzeuge fahren an Streiktagen auch nicht.<\/p>\n\n\n\n<h3 class=\"wp-block-heading\">Haben die Kundenzentren und die Fundstelle ge\u00f6ffnet?<\/h3>\n\n\n\n<p>Die Fundstelle und Kundenzentren der SSB am Charlottenplatz, Roteb\u00fchlplatz und Hauptbahnhof werden ebenfalls bestreikt und daher geschlossen sein.<\/p>\n\n\n\n<h3 class=\"wp-block-heading\">Ist der telefonische Kundenservice der SSB erreichbar?<\/h3>\n\n\n\n<p>Der SSB-Telefonservice ist ebenfalls vom Warnstreik betroffen. Die Reisezentren der DB sind nicht vom Streik betroffen und stehen Kunden am Streiktag wie gewohnt zur Verf\u00fcgung.<\/p>\n","protected":false},"excerpt":{"rendered":"<p>Warnstreik am 29. Februar und 1. M\u00e4rz 2024 Stand: 26. Februar 2024 Die Gewerkschaft ver.di hat die Besch\u00e4ftigten der Stuttgarter Stra\u00dfenbahnen (SSB) f\u00fcr Donnerstag, den 29. Februar und Freitag, den&hellip; <\/p>\n","protected":false},"author":1,"featured_media":1579,"comment_status":"open","ping_status":"open","sticky":false,"template":"","format":"standard","meta":{"advanced_seo_description":"","jetpack_seo_html_title":"","jetpack_seo_noindex":false,"jetpack_post_was_ever_published":false,"_jetpack_newsletter_access":"","_jetpack_dont_email_post_to_subs":false,"_jetpack_newsletter_tier_id":0,"_jetpack_memberships_contains_paywalled_content":false,"_jetpack_memberships_contains_paid_content":false,"footnotes":"","jetpack_publicize_message":"","jetpack_publicize_feature_enabled":true,"jetpack_social_post_already_shared":true,"jetpack_social_options":{"image_generator_settings":{"template":"highway","default_image_id":0,"font":"","enabled":false},"version":2}},"categories":[20,31,18,28],"tags":[],"class_list":["post-1581","post","type-post","status-publish","format-standard","has-post-thumbnail","hentry","category-bahn-s-bahn","category-stadt-info","category-stuttgart-hbf","category-vvs"],"jetpack_publicize_connections":[],"jetpack_featured_media_url":"https:\/\/enjoy-stuttgart.org\/wp-content\/uploads\/2024\/02\/Warnstreik_Website_header.jpg","jetpack_sharing_enabled":true,"_links":{"self":[{"href":"https:\/\/enjoy-stuttgart.org\/index.php\/wp-json\/wp\/v2\/posts\/1581","targetHints":{"allow":["GET"]}}],"collection":[{"href":"https:\/\/enjoy-stuttgart.org\/index.php\/wp-json\/wp\/v2\/posts"}],"about":[{"href":"https:\/\/enjoy-stuttgart.org\/index.php\/wp-json\/wp\/v2\/types\/post"}],"author":[{"embeddable":true,"href":"https:\/\/enjoy-stuttgart.org\/index.php\/wp-json\/wp\/v2\/users\/1"}],"replies":[{"embeddable":true,"href":"https:\/\/enjoy-stuttgart.org\/index.php\/wp-json\/wp\/v2\/comments?post=1581"}],"version-history":[{"count":1,"href":"https:\/\/enjoy-stuttgart.org\/index.php\/wp-json\/wp\/v2\/posts\/1581\/revisions"}],"predecessor-version":[{"id":1582,"href":"https:\/\/enjoy-stuttgart.org\/index.php\/wp-json\/wp\/v2\/posts\/1581\/revisions\/1582"}],"wp:featuredmedia":[{"embeddable":true,"href":"https:\/\/enjoy-stuttgart.org\/index.php\/wp-json\/wp\/v2\/media\/1579"}],"wp:attachment":[{"href":"https:\/\/enjoy-stuttgart.org\/index.php\/wp-json\/wp\/v2\/media?parent=1581"}],"wp:term":[{"taxonomy":"category","embeddable":true,"href":"https:\/\/enjoy-stuttgart.org\/index.php\/wp-json\/wp\/v2\/categories?post=1581"},{"taxonomy":"post_tag","embeddable":true,"href":"https:\/\/enjoy-stuttgart.org\/index.php\/wp-json\/wp\/v2\/tags?post=1581"}],"curies":[{"name":"wp","href":"https:\/\/api.w.org\/{rel}","templated":true}]}}