{"id":1782,"date":"2024-05-20T12:12:00","date_gmt":"2024-05-20T10:12:00","guid":{"rendered":"https:\/\/enjoy-stuttgart.org\/?p=1782"},"modified":"2024-05-14T21:35:47","modified_gmt":"2024-05-14T19:35:47","slug":"am-sonntag-9-juni-koennen-sie-ihre-stimme-nicht-nur-fuer-die-kommunal-und-regionalwahl-geltend-machen-sondern-auch-fuer-die-europawahl","status":"publish","type":"post","link":"https:\/\/enjoy-stuttgart.org\/index.php\/am-sonntag-9-juni-koennen-sie-ihre-stimme-nicht-nur-fuer-die-kommunal-und-regionalwahl-geltend-machen-sondern-auch-fuer-die-europawahl\/","title":{"rendered":"Am Sonntag, 9. Juni, k\u00f6nnen Sie Ihre Stimme nicht nur f\u00fcr die Kommunal- und Regionalwahl geltend machen, sondern auch f\u00fcr die Europawahl."},"content":{"rendered":"\n<p><img loading=\"lazy\" decoding=\"async\" height=\"16\" width=\"16\" alt=\"\ud83d\udc49\" src=\"https:\/\/static.xx.fbcdn.net\/images\/emoji.php\/v9\/t51\/1\/16\/1f449.png\"> Warum das wichtig ist?<\/p>\n\n\n\n<p>Mit Ihrer Stimme wird das neue Europ\u00e4ische Parlament gew\u00e4hlt. Sie stimmen also \u00fcber die Zusammensetzung der rund 700 Sitze in diesem Gremium ab. <img loading=\"lazy\" decoding=\"async\" height=\"16\" width=\"16\" alt=\"\ud83d\ude0a\" src=\"https:\/\/static.xx.fbcdn.net\/images\/emoji.php\/v9\/t7f\/1\/16\/1f60a.png\"><\/p>\n\n\n\n<p>Neben einer Reihe von Veranstaltungen zum Thema Europa wirbt bis 9. Juni der europablaue Europabus der SSB f\u00fcr die Wahl.<\/p>\n\n\n\n<p><img loading=\"lazy\" decoding=\"async\" height=\"16\" width=\"16\" alt=\"\ud83d\ude8c\" src=\"https:\/\/static.xx.fbcdn.net\/images\/emoji.php\/v9\/t79\/1\/16\/1f68c.png\"><a><\/a>Oberb\u00fcrgermeister Dr. Frank Nopper, Stadtr\u00e4tin Dr. Marina Lafay aus Stra\u00dfburg, SSB\u2010Vorstandssprecher Thomas Moser und Dr. Fr\u00e9d\u00e9ric Stephan, Leiter der st\u00e4dtischen Abteilung Au\u00dfenbeziehungen, schickten den Bus auf den Weg. Er wird mit dem Schriftzug \u201eStuttgart f\u00fcr Europa\u201c auf der Innenstadtlinie 42 fahren.<\/p>\n\n\n\n<p>Haben Sie den Bus schon entdeckt? <img loading=\"lazy\" decoding=\"async\" height=\"16\" width=\"16\" alt=\"\ud83d\udd0e\" src=\"https:\/\/static.xx.fbcdn.net\/images\/emoji.php\/v9\/t42\/1\/16\/1f50e.png\"><\/p>\n\n\n\n<p><img loading=\"lazy\" decoding=\"async\" height=\"16\" width=\"16\" src=\"https:\/\/static.xx.fbcdn.net\/images\/emoji.php\/v9\/t8e\/1\/16\/2139.png\" alt=\"\u2139\ufe0f\"> Weitere Infos zur Europawahl finden Sie unter <a href=\"http:\/\/www.stuttgart.de\/europawahl-2024?fbclid=IwZXh0bgNhZW0CMTAAAR0BEjSYcEJeOHMDZh_QPAdOVw0YsmK6NFFSERz79qPs64e5WuXczSkfzWM_aem_AcFiRlfVDwjut7-VO90H_j9Hj_LIWzbIYv_8Nrch1vArw13LEsA0uYS019yY3R7VfDuPQbo2Q8MnHSL4z1oYB7wX\" target=\"_blank\" rel=\"noreferrer noopener\">www.stuttgart.de\/europawahl-2024<\/a>.<\/p>\n\n\n\n<figure class=\"wp-block-gallery has-nested-images columns-default is-cropped wp-block-gallery-1 is-layout-flex wp-block-gallery-is-layout-flex\">\n<figure class=\"wp-block-image size-large\"><img loading=\"lazy\" decoding=\"async\" width=\"1024\" height=\"1024\" data-id=\"1784\" src=\"https:\/\/enjoy-stuttgart.org\/wp-content\/uploads\/2024\/05\/442493665_758693326409135_8139214610683992229_n-1024x1024.jpg\" alt=\"\" class=\"wp-image-1784\" srcset=\"https:\/\/enjoy-stuttgart.org\/wp-content\/uploads\/2024\/05\/442493665_758693326409135_8139214610683992229_n-1024x1024.jpg 1024w, https:\/\/enjoy-stuttgart.org\/wp-content\/uploads\/2024\/05\/442493665_758693326409135_8139214610683992229_n-300x300.jpg 300w, https:\/\/enjoy-stuttgart.org\/wp-content\/uploads\/2024\/05\/442493665_758693326409135_8139214610683992229_n-150x150.jpg 150w, https:\/\/enjoy-stuttgart.org\/wp-content\/uploads\/2024\/05\/442493665_758693326409135_8139214610683992229_n-768x768.jpg 768w, https:\/\/enjoy-stuttgart.org\/wp-content\/uploads\/2024\/05\/442493665_758693326409135_8139214610683992229_n.jpg 1080w\" sizes=\"auto, (max-width: 1024px) 100vw, 1024px\" \/><\/figure>\n\n\n\n<figure class=\"wp-block-image size-large\"><img loading=\"lazy\" decoding=\"async\" width=\"1024\" height=\"1024\" data-id=\"1783\" src=\"https:\/\/enjoy-stuttgart.org\/wp-content\/uploads\/2024\/05\/442412158_758693336409134_7979753623605368255_n-1024x1024.jpg\" alt=\"\" class=\"wp-image-1783\" srcset=\"https:\/\/enjoy-stuttgart.org\/wp-content\/uploads\/2024\/05\/442412158_758693336409134_7979753623605368255_n-1024x1024.jpg 1024w, https:\/\/enjoy-stuttgart.org\/wp-content\/uploads\/2024\/05\/442412158_758693336409134_7979753623605368255_n-300x300.jpg 300w, https:\/\/enjoy-stuttgart.org\/wp-content\/uploads\/2024\/05\/442412158_758693336409134_7979753623605368255_n-150x150.jpg 150w, https:\/\/enjoy-stuttgart.org\/wp-content\/uploads\/2024\/05\/442412158_758693336409134_7979753623605368255_n-768x768.jpg 768w, https:\/\/enjoy-stuttgart.org\/wp-content\/uploads\/2024\/05\/442412158_758693336409134_7979753623605368255_n.jpg 1080w\" sizes=\"auto, (max-width: 1024px) 100vw, 1024px\" \/><\/figure>\n<\/figure>\n","protected":false},"excerpt":{"rendered":"<p>Warum das wichtig ist? Mit Ihrer Stimme wird das neue Europ\u00e4ische Parlament gew\u00e4hlt. Sie stimmen also \u00fcber die Zusammensetzung der rund 700 Sitze in diesem Gremium ab. Neben einer Reihe&hellip; <\/p>\n","protected":false},"author":1,"featured_media":1784,"comment_status":"open","ping_status":"open","sticky":false,"template":"","format":"standard","meta":{"advanced_seo_description":"","jetpack_seo_html_title":"","jetpack_seo_noindex":false,"jetpack_post_was_ever_published":false,"_jetpack_newsletter_access":"","_jetpack_dont_email_post_to_subs":false,"_jetpack_newsletter_tier_id":0,"_jetpack_memberships_contains_paywalled_content":false,"_jetpack_memberships_contains_paid_content":false,"footnotes":"","jetpack_publicize_message":"","jetpack_publicize_feature_enabled":true,"jetpack_social_post_already_shared":true,"jetpack_social_options":{"image_generator_settings":{"template":"highway","default_image_id":0,"font":"","enabled":false},"version":2}},"categories":[31],"tags":[],"class_list":["post-1782","post","type-post","status-publish","format-standard","has-post-thumbnail","hentry","category-stadt-info"],"jetpack_publicize_connections":[],"jetpack_featured_media_url":"https:\/\/enjoy-stuttgart.org\/wp-content\/uploads\/2024\/05\/442493665_758693326409135_8139214610683992229_n.jpg","jetpack_sharing_enabled":true,"_links":{"self":[{"href":"https:\/\/enjoy-stuttgart.org\/index.php\/wp-json\/wp\/v2\/posts\/1782","targetHints":{"allow":["GET"]}}],"collection":[{"href":"https:\/\/enjoy-stuttgart.org\/index.php\/wp-json\/wp\/v2\/posts"}],"about":[{"href":"https:\/\/enjoy-stuttgart.org\/index.php\/wp-json\/wp\/v2\/types\/post"}],"author":[{"embeddable":true,"href":"https:\/\/enjoy-stuttgart.org\/index.php\/wp-json\/wp\/v2\/users\/1"}],"replies":[{"embeddable":true,"href":"https:\/\/enjoy-stuttgart.org\/index.php\/wp-json\/wp\/v2\/comments?post=1782"}],"version-history":[{"count":1,"href":"https:\/\/enjoy-stuttgart.org\/index.php\/wp-json\/wp\/v2\/posts\/1782\/revisions"}],"predecessor-version":[{"id":1785,"href":"https:\/\/enjoy-stuttgart.org\/index.php\/wp-json\/wp\/v2\/posts\/1782\/revisions\/1785"}],"wp:featuredmedia":[{"embeddable":true,"href":"https:\/\/enjoy-stuttgart.org\/index.php\/wp-json\/wp\/v2\/media\/1784"}],"wp:attachment":[{"href":"https:\/\/enjoy-stuttgart.org\/index.php\/wp-json\/wp\/v2\/media?parent=1782"}],"wp:term":[{"taxonomy":"category","embeddable":true,"href":"https:\/\/enjoy-stuttgart.org\/index.php\/wp-json\/wp\/v2\/categories?post=1782"},{"taxonomy":"post_tag","embeddable":true,"href":"https:\/\/enjoy-stuttgart.org\/index.php\/wp-json\/wp\/v2\/tags?post=1782"}],"curies":[{"name":"wp","href":"https:\/\/api.w.org\/{rel}","templated":true}]}}