{"id":1993,"date":"2024-08-05T08:01:00","date_gmt":"2024-08-05T06:01:00","guid":{"rendered":"https:\/\/enjoy-stuttgart.org\/?p=1993"},"modified":"2024-08-04T22:03:36","modified_gmt":"2024-08-04T20:03:36","slug":"mozartstrasse","status":"publish","type":"post","link":"https:\/\/enjoy-stuttgart.org\/index.php\/mozartstrasse\/","title":{"rendered":"Mozartstra\u00dfe"},"content":{"rendered":"\n<p>Hier ist der Name Programm: Die Mozartstra\u00dfe verbindet den Mozartplatz mit dem gleichnamigen Pl\u00e4tzle. Und der \u00f6sterreichische Komponist ist auch pers\u00f6nlich verewigt. Zwischen der Vielzahl an Verzierungen, S\u00e4ulen und Erkern findet man eine B\u00fcste des Salzburgers mitsamt einer Ansicht seiner Heimatstadt.<\/p>\n\n\n\n<p>Waren Sie schon auf H\u00e4user-Safari im Heusteig- und Lehenviertel und haben Mozart entdeckt?<\/p>\n\n\n\n<p><img loading=\"lazy\" decoding=\"async\" height=\"16\" width=\"16\" alt=\"\ud83d\udccd\" src=\"https:\/\/static.xx.fbcdn.net\/images\/emoji.php\/v9\/t2d\/1\/16\/1f4cd.png\"> Mozartstra\u00dfe<\/p>\n\n\n\n<p><img loading=\"lazy\" decoding=\"async\" height=\"16\" width=\"16\" alt=\"\u25b6\ufe0f\" src=\"https:\/\/static.xx.fbcdn.net\/images\/emoji.php\/v9\/t40\/1\/16\/25b6.png\"><a href=\"http:\/\/www.lieblingsviertel-stuttgart.de\/?fbclid=IwZXh0bgNhZW0CMTAAAR2mjzJccOwR7e6QivzCN1k_44nQYEgUFiv33bsFNe730pAsN8TLPaMMYFI_aem_dKXUifX9JoF_f2bZGlvrPA\" rel=\"noreferrer noopener\" target=\"_blank\">www.lieblingsviertel-stuttgart.de<\/a><\/p>\n\n\n\n<figure class=\"wp-block-image size-large\"><img loading=\"lazy\" decoding=\"async\" width=\"1024\" height=\"1024\" src=\"https:\/\/enjoy-stuttgart.org\/wp-content\/uploads\/2024\/08\/453257830_807962108148923_3372077080476628_n-1024x1024.jpg\" alt=\"\" class=\"wp-image-1994\" srcset=\"https:\/\/enjoy-stuttgart.org\/wp-content\/uploads\/2024\/08\/453257830_807962108148923_3372077080476628_n-1024x1024.jpg 1024w, https:\/\/enjoy-stuttgart.org\/wp-content\/uploads\/2024\/08\/453257830_807962108148923_3372077080476628_n-300x300.jpg 300w, https:\/\/enjoy-stuttgart.org\/wp-content\/uploads\/2024\/08\/453257830_807962108148923_3372077080476628_n-150x150.jpg 150w, https:\/\/enjoy-stuttgart.org\/wp-content\/uploads\/2024\/08\/453257830_807962108148923_3372077080476628_n-768x768.jpg 768w, https:\/\/enjoy-stuttgart.org\/wp-content\/uploads\/2024\/08\/453257830_807962108148923_3372077080476628_n.jpg 1080w\" sizes=\"auto, (max-width: 1024px) 100vw, 1024px\" \/><\/figure>\n","protected":false},"excerpt":{"rendered":"<p>Hier ist der Name Programm: Die Mozartstra\u00dfe verbindet den Mozartplatz mit dem gleichnamigen Pl\u00e4tzle. Und der \u00f6sterreichische Komponist ist auch pers\u00f6nlich verewigt. Zwischen der Vielzahl an Verzierungen, S\u00e4ulen und Erkern&hellip; <\/p>\n","protected":false},"author":1,"featured_media":1994,"comment_status":"open","ping_status":"open","sticky":false,"template":"","format":"standard","meta":{"advanced_seo_description":"","jetpack_seo_html_title":"","jetpack_seo_noindex":false,"jetpack_post_was_ever_published":false,"_jetpack_newsletter_access":"","_jetpack_dont_email_post_to_subs":false,"_jetpack_newsletter_tier_id":0,"_jetpack_memberships_contains_paywalled_content":false,"_jetpack_memberships_contains_paid_content":false,"footnotes":"","jetpack_publicize_message":"","jetpack_publicize_feature_enabled":true,"jetpack_social_post_already_shared":true,"jetpack_social_options":{"image_generator_settings":{"template":"highway","default_image_id":0,"font":"","enabled":false},"version":2}},"categories":[39],"tags":[],"class_list":["post-1993","post","type-post","status-publish","format-standard","has-post-thumbnail","hentry","category-lieblingsviertel"],"jetpack_publicize_connections":[],"jetpack_featured_media_url":"https:\/\/enjoy-stuttgart.org\/wp-content\/uploads\/2024\/08\/453257830_807962108148923_3372077080476628_n.jpg","jetpack_sharing_enabled":true,"_links":{"self":[{"href":"https:\/\/enjoy-stuttgart.org\/index.php\/wp-json\/wp\/v2\/posts\/1993","targetHints":{"allow":["GET"]}}],"collection":[{"href":"https:\/\/enjoy-stuttgart.org\/index.php\/wp-json\/wp\/v2\/posts"}],"about":[{"href":"https:\/\/enjoy-stuttgart.org\/index.php\/wp-json\/wp\/v2\/types\/post"}],"author":[{"embeddable":true,"href":"https:\/\/enjoy-stuttgart.org\/index.php\/wp-json\/wp\/v2\/users\/1"}],"replies":[{"embeddable":true,"href":"https:\/\/enjoy-stuttgart.org\/index.php\/wp-json\/wp\/v2\/comments?post=1993"}],"version-history":[{"count":1,"href":"https:\/\/enjoy-stuttgart.org\/index.php\/wp-json\/wp\/v2\/posts\/1993\/revisions"}],"predecessor-version":[{"id":1995,"href":"https:\/\/enjoy-stuttgart.org\/index.php\/wp-json\/wp\/v2\/posts\/1993\/revisions\/1995"}],"wp:featuredmedia":[{"embeddable":true,"href":"https:\/\/enjoy-stuttgart.org\/index.php\/wp-json\/wp\/v2\/media\/1994"}],"wp:attachment":[{"href":"https:\/\/enjoy-stuttgart.org\/index.php\/wp-json\/wp\/v2\/media?parent=1993"}],"wp:term":[{"taxonomy":"category","embeddable":true,"href":"https:\/\/enjoy-stuttgart.org\/index.php\/wp-json\/wp\/v2\/categories?post=1993"},{"taxonomy":"post_tag","embeddable":true,"href":"https:\/\/enjoy-stuttgart.org\/index.php\/wp-json\/wp\/v2\/tags?post=1993"}],"curies":[{"name":"wp","href":"https:\/\/api.w.org\/{rel}","templated":true}]}}