{"id":2076,"date":"2024-09-12T13:40:54","date_gmt":"2024-09-12T11:40:54","guid":{"rendered":"https:\/\/enjoy-stuttgart.org\/?p=2076"},"modified":"2024-09-12T13:49:13","modified_gmt":"2024-09-12T11:49:13","slug":"ein-ganz-besonderer-tag-daran-hat-sich-seit-jahrzehnten-nichts-geaendert","status":"publish","type":"post","link":"https:\/\/enjoy-stuttgart.org\/index.php\/ein-ganz-besonderer-tag-daran-hat-sich-seit-jahrzehnten-nichts-geaendert\/","title":{"rendered":"Ein ganz besonderer Tag &#8211; daran hat sich seit Jahrzehnten nichts ge\u00e4ndert"},"content":{"rendered":"\n<p>In diesen Tagen beginnt f\u00fcr viele Erstkl\u00e4sslerinnen und Erstkl\u00e4ssler in Stuttgart die Schulzeit. Ein ganz besonderer Tag &#8211; daran hat sich seit Jahrzehnten nichts ge\u00e4ndert. <img loading=\"lazy\" decoding=\"async\" height=\"16\" width=\"16\" alt=\"\ud83c\udf92\" src=\"https:\/\/static.xx.fbcdn.net\/images\/emoji.php\/v9\/ta4\/1\/16\/1f392.png\"><img loading=\"lazy\" decoding=\"async\" height=\"16\" width=\"16\" alt=\"\u270f\ufe0f\" src=\"https:\/\/static.xx.fbcdn.net\/images\/emoji.php\/v9\/te4\/1\/16\/270f.png\"><\/p>\n\n\n\n<p>Mit gro\u00dfen Schult\u00fcten und noch gr\u00f6\u00dferem Herzklopfen str\u00f6men die Kinder in die Stuttgarter Grundschulen. Wie hier auf dem Foto aus dem Jahr 1968, wo die frischen Erstkl\u00e4ssler aufgeregt zur Lerchenrainschule schreiten.<\/p>\n\n\n\n<p>Foto: Stadtarchiv Stuttgart Bestand Zenz Engel 2212_FC152_4633_2, 2212_FC152_4633_7<\/p>\n\n\n\n<figure class=\"wp-block-image size-large\"><img loading=\"lazy\" decoding=\"async\" width=\"1024\" height=\"1024\" src=\"https:\/\/enjoy-stuttgart.org\/wp-content\/uploads\/2024\/09\/459306935_832192099059257_1188886919160591893_n-1024x1024.jpg\" alt=\"\" class=\"wp-image-2079\" srcset=\"https:\/\/enjoy-stuttgart.org\/wp-content\/uploads\/2024\/09\/459306935_832192099059257_1188886919160591893_n-1024x1024.jpg 1024w, https:\/\/enjoy-stuttgart.org\/wp-content\/uploads\/2024\/09\/459306935_832192099059257_1188886919160591893_n-300x300.jpg 300w, https:\/\/enjoy-stuttgart.org\/wp-content\/uploads\/2024\/09\/459306935_832192099059257_1188886919160591893_n-150x150.jpg 150w, https:\/\/enjoy-stuttgart.org\/wp-content\/uploads\/2024\/09\/459306935_832192099059257_1188886919160591893_n-768x768.jpg 768w, https:\/\/enjoy-stuttgart.org\/wp-content\/uploads\/2024\/09\/459306935_832192099059257_1188886919160591893_n.jpg 1080w\" sizes=\"auto, (max-width: 1024px) 100vw, 1024px\" \/><\/figure>\n\n\n\n<figure class=\"wp-block-image size-large\"><img loading=\"lazy\" decoding=\"async\" width=\"1024\" height=\"1024\" src=\"https:\/\/enjoy-stuttgart.org\/wp-content\/uploads\/2024\/09\/459185491_832192069059260_3412336548964452225_n-1024x1024.jpg\" alt=\"\" class=\"wp-image-2077\" srcset=\"https:\/\/enjoy-stuttgart.org\/wp-content\/uploads\/2024\/09\/459185491_832192069059260_3412336548964452225_n-1024x1024.jpg 1024w, https:\/\/enjoy-stuttgart.org\/wp-content\/uploads\/2024\/09\/459185491_832192069059260_3412336548964452225_n-300x300.jpg 300w, https:\/\/enjoy-stuttgart.org\/wp-content\/uploads\/2024\/09\/459185491_832192069059260_3412336548964452225_n-150x150.jpg 150w, https:\/\/enjoy-stuttgart.org\/wp-content\/uploads\/2024\/09\/459185491_832192069059260_3412336548964452225_n-768x768.jpg 768w, https:\/\/enjoy-stuttgart.org\/wp-content\/uploads\/2024\/09\/459185491_832192069059260_3412336548964452225_n.jpg 1080w\" sizes=\"auto, (max-width: 1024px) 100vw, 1024px\" \/><\/figure>\n","protected":false},"excerpt":{"rendered":"<p>In diesen Tagen beginnt f\u00fcr viele Erstkl\u00e4sslerinnen und Erstkl\u00e4ssler in Stuttgart die Schulzeit. Ein ganz besonderer Tag &#8211; daran hat sich seit Jahrzehnten nichts ge\u00e4ndert. Mit gro\u00dfen Schult\u00fcten und noch&hellip; <\/p>\n","protected":false},"author":1,"featured_media":2079,"comment_status":"open","ping_status":"open","sticky":false,"template":"","format":"standard","meta":{"advanced_seo_description":"","jetpack_seo_html_title":"","jetpack_seo_noindex":false,"jetpack_post_was_ever_published":false,"_jetpack_newsletter_access":"","_jetpack_dont_email_post_to_subs":false,"_jetpack_newsletter_tier_id":0,"_jetpack_memberships_contains_paywalled_content":false,"_jetpack_memberships_contains_paid_content":false,"footnotes":"","jetpack_publicize_message":"","jetpack_publicize_feature_enabled":true,"jetpack_social_post_already_shared":true,"jetpack_social_options":{"image_generator_settings":{"template":"highway","default_image_id":0,"font":"","enabled":false},"version":2}},"categories":[35],"tags":[],"class_list":["post-2076","post","type-post","status-publish","format-standard","has-post-thumbnail","hentry","category-geschichte"],"jetpack_publicize_connections":[],"jetpack_featured_media_url":"https:\/\/enjoy-stuttgart.org\/wp-content\/uploads\/2024\/09\/459306935_832192099059257_1188886919160591893_n.jpg","jetpack_sharing_enabled":true,"_links":{"self":[{"href":"https:\/\/enjoy-stuttgart.org\/index.php\/wp-json\/wp\/v2\/posts\/2076","targetHints":{"allow":["GET"]}}],"collection":[{"href":"https:\/\/enjoy-stuttgart.org\/index.php\/wp-json\/wp\/v2\/posts"}],"about":[{"href":"https:\/\/enjoy-stuttgart.org\/index.php\/wp-json\/wp\/v2\/types\/post"}],"author":[{"embeddable":true,"href":"https:\/\/enjoy-stuttgart.org\/index.php\/wp-json\/wp\/v2\/users\/1"}],"replies":[{"embeddable":true,"href":"https:\/\/enjoy-stuttgart.org\/index.php\/wp-json\/wp\/v2\/comments?post=2076"}],"version-history":[{"count":1,"href":"https:\/\/enjoy-stuttgart.org\/index.php\/wp-json\/wp\/v2\/posts\/2076\/revisions"}],"predecessor-version":[{"id":2080,"href":"https:\/\/enjoy-stuttgart.org\/index.php\/wp-json\/wp\/v2\/posts\/2076\/revisions\/2080"}],"wp:featuredmedia":[{"embeddable":true,"href":"https:\/\/enjoy-stuttgart.org\/index.php\/wp-json\/wp\/v2\/media\/2079"}],"wp:attachment":[{"href":"https:\/\/enjoy-stuttgart.org\/index.php\/wp-json\/wp\/v2\/media?parent=2076"}],"wp:term":[{"taxonomy":"category","embeddable":true,"href":"https:\/\/enjoy-stuttgart.org\/index.php\/wp-json\/wp\/v2\/categories?post=2076"},{"taxonomy":"post_tag","embeddable":true,"href":"https:\/\/enjoy-stuttgart.org\/index.php\/wp-json\/wp\/v2\/tags?post=2076"}],"curies":[{"name":"wp","href":"https:\/\/api.w.org\/{rel}","templated":true}]}}