{"id":2088,"date":"2024-09-18T12:51:53","date_gmt":"2024-09-18T10:51:53","guid":{"rendered":"https:\/\/enjoy-stuttgart.org\/?p=2088"},"modified":"2024-09-18T12:51:55","modified_gmt":"2024-09-18T10:51:55","slug":"177-volksfest-auf-dem-cannstatter-wasen","status":"publish","type":"post","link":"https:\/\/enjoy-stuttgart.org\/index.php\/177-volksfest-auf-dem-cannstatter-wasen\/","title":{"rendered":"177. Volksfest auf dem Cannstatter Wasen"},"content":{"rendered":"\n<p>Von 27. September bis zum 13. Oktober steigt das 177. Volksfest auf dem Cannstatter Wasen! <img loading=\"lazy\" decoding=\"async\" height=\"16\" width=\"16\" alt=\"\ud83e\udd73\" src=\"https:\/\/static.xx.fbcdn.net\/images\/emoji.php\/v9\/t6d\/1\/16\/1f973.png\"> Der VVS ist auch dieses Jahr wieder mit tollen Aktionen f\u00fcr euch da <img loading=\"lazy\" decoding=\"async\" height=\"16\" width=\"16\" alt=\"\ud83e\udde1\" src=\"https:\/\/static.xx.fbcdn.net\/images\/emoji.php\/v9\/tfd\/1\/16\/1f9e1.png\"><\/p>\n\n\n\n<p>Das d\u00fcrft ihr nicht verpassen:<\/p>\n\n\n\n<p><img loading=\"lazy\" decoding=\"async\" height=\"16\" width=\"16\" alt=\"\ud83c\udfa1\" src=\"https:\/\/static.xx.fbcdn.net\/images\/emoji.php\/v9\/tfb\/1\/16\/1f3a1.png\"> Am ersten Volksfest-Montag (30. September) l\u00e4dt euch der VVS zum traditionellen VVS-Wasentag ein. Ihr m\u00fcsst einfach nur euer VVS-Ticket am Infoschalter 1 im Dinkelacker Festzelt vorzeigen und schon spart ihr beim Kauf eines 20-Euro-Gutscheins die H\u00e4lfte <img loading=\"lazy\" decoding=\"async\" height=\"16\" width=\"16\" alt=\"\ud83d\udcb8\" src=\"https:\/\/static.xx.fbcdn.net\/images\/emoji.php\/v9\/t62\/1\/16\/1f4b8.png\"><\/p>\n\n\n\n<p><img loading=\"lazy\" decoding=\"async\" height=\"16\" width=\"16\" alt=\"\ud83c\udfa1\" src=\"https:\/\/static.xx.fbcdn.net\/images\/emoji.php\/v9\/tfb\/1\/16\/1f3a1.png\"> Zus\u00e4tzlich gibt es am <a><\/a>VVS-Wasentag bei allen teilnehmenden Schaustellern, Fahrgesch\u00e4ften und Imbissst\u00e4nde Rabatte gegen Ticketvorlage <img loading=\"lazy\" decoding=\"async\" height=\"16\" width=\"16\" alt=\"\ud83c\udfa2\" src=\"https:\/\/static.xx.fbcdn.net\/images\/emoji.php\/v9\/t7c\/1\/16\/1f3a2.png\"><\/p>\n\n\n\n<p><img loading=\"lazy\" decoding=\"async\" height=\"16\" width=\"16\" alt=\"\ud83c\udfa1\" src=\"https:\/\/static.xx.fbcdn.net\/images\/emoji.php\/v9\/tfb\/1\/16\/1f3a1.png\"> Wer es sonntags gem\u00fctlich angehen will, kann an jedem Wasen-Sonntag von 11:30 bis 15:30 Uhr in der Almh\u00fctte Royal den VVS-Fr\u00fchschoppen genie\u00dfen. Alle die ein g\u00fcltiges VVS-Ticket an der Au\u00dfenbar vorzeigen bekommen hier ein Gratis-K\u00e4psele <img loading=\"lazy\" decoding=\"async\" height=\"16\" width=\"16\" alt=\"\ud83c\udf7b\" src=\"https:\/\/static.xx.fbcdn.net\/images\/emoji.php\/v9\/t96\/1\/16\/1f37b.png\"><\/p>\n\n\n\n<p>Weitere Infos zu den Aktionen findet ihr hier <img loading=\"lazy\" decoding=\"async\" height=\"16\" width=\"16\" src=\"https:\/\/static.xx.fbcdn.net\/images\/emoji.php\/v9\/t51\/1\/16\/1f449.png\" alt=\"\ud83d\udc49\"> <a href=\"https:\/\/www.vvs.de\/volksfest?fbclid=IwY2xjawFXj-NleHRuA2FlbQIxMAABHas65heqzEf_SfJippIaFsCWz9GAgeNOSZiC6pAapKOQzw5sn0Jf8SZtpQ_aem_doVmhRahvYqNqEq2As1pvw\">https:\/\/www.vvs.de\/volksfest<\/a><\/p>\n\n\n\n<figure class=\"wp-block-image size-large\"><img loading=\"lazy\" decoding=\"async\" width=\"1024\" height=\"576\" src=\"https:\/\/enjoy-stuttgart.org\/wp-content\/uploads\/2024\/09\/460598476_937247105110309_96339426889329041_n-1024x576.jpg\" alt=\"\" class=\"wp-image-2089\" srcset=\"https:\/\/enjoy-stuttgart.org\/wp-content\/uploads\/2024\/09\/460598476_937247105110309_96339426889329041_n-1024x576.jpg 1024w, https:\/\/enjoy-stuttgart.org\/wp-content\/uploads\/2024\/09\/460598476_937247105110309_96339426889329041_n-300x169.jpg 300w, https:\/\/enjoy-stuttgart.org\/wp-content\/uploads\/2024\/09\/460598476_937247105110309_96339426889329041_n-768x432.jpg 768w, https:\/\/enjoy-stuttgart.org\/wp-content\/uploads\/2024\/09\/460598476_937247105110309_96339426889329041_n-1536x864.jpg 1536w, https:\/\/enjoy-stuttgart.org\/wp-content\/uploads\/2024\/09\/460598476_937247105110309_96339426889329041_n.jpg 2048w\" sizes=\"auto, (max-width: 1024px) 100vw, 1024px\" \/><\/figure>\n","protected":false},"excerpt":{"rendered":"<p>Von 27. September bis zum 13. Oktober steigt das 177. Volksfest auf dem Cannstatter Wasen! Der VVS ist auch dieses Jahr wieder mit tollen Aktionen f\u00fcr euch da Das d\u00fcrft&hellip; <\/p>\n","protected":false},"author":1,"featured_media":2089,"comment_status":"open","ping_status":"open","sticky":false,"template":"","format":"standard","meta":{"advanced_seo_description":"","jetpack_seo_html_title":"","jetpack_seo_noindex":false,"jetpack_post_was_ever_published":false,"_jetpack_newsletter_access":"","_jetpack_dont_email_post_to_subs":false,"_jetpack_newsletter_tier_id":0,"_jetpack_memberships_contains_paywalled_content":false,"_jetpack_memberships_contains_paid_content":false,"footnotes":"","jetpack_publicize_message":"","jetpack_publicize_feature_enabled":true,"jetpack_social_post_already_shared":true,"jetpack_social_options":{"image_generator_settings":{"template":"highway","default_image_id":0,"font":"","enabled":false},"version":2}},"categories":[20,27,28],"tags":[],"class_list":["post-2088","post","type-post","status-publish","format-standard","has-post-thumbnail","hentry","category-bahn-s-bahn","category-unterhaltung","category-vvs"],"jetpack_publicize_connections":[],"jetpack_featured_media_url":"https:\/\/enjoy-stuttgart.org\/wp-content\/uploads\/2024\/09\/460598476_937247105110309_96339426889329041_n.jpg","jetpack_sharing_enabled":true,"_links":{"self":[{"href":"https:\/\/enjoy-stuttgart.org\/index.php\/wp-json\/wp\/v2\/posts\/2088","targetHints":{"allow":["GET"]}}],"collection":[{"href":"https:\/\/enjoy-stuttgart.org\/index.php\/wp-json\/wp\/v2\/posts"}],"about":[{"href":"https:\/\/enjoy-stuttgart.org\/index.php\/wp-json\/wp\/v2\/types\/post"}],"author":[{"embeddable":true,"href":"https:\/\/enjoy-stuttgart.org\/index.php\/wp-json\/wp\/v2\/users\/1"}],"replies":[{"embeddable":true,"href":"https:\/\/enjoy-stuttgart.org\/index.php\/wp-json\/wp\/v2\/comments?post=2088"}],"version-history":[{"count":1,"href":"https:\/\/enjoy-stuttgart.org\/index.php\/wp-json\/wp\/v2\/posts\/2088\/revisions"}],"predecessor-version":[{"id":2090,"href":"https:\/\/enjoy-stuttgart.org\/index.php\/wp-json\/wp\/v2\/posts\/2088\/revisions\/2090"}],"wp:featuredmedia":[{"embeddable":true,"href":"https:\/\/enjoy-stuttgart.org\/index.php\/wp-json\/wp\/v2\/media\/2089"}],"wp:attachment":[{"href":"https:\/\/enjoy-stuttgart.org\/index.php\/wp-json\/wp\/v2\/media?parent=2088"}],"wp:term":[{"taxonomy":"category","embeddable":true,"href":"https:\/\/enjoy-stuttgart.org\/index.php\/wp-json\/wp\/v2\/categories?post=2088"},{"taxonomy":"post_tag","embeddable":true,"href":"https:\/\/enjoy-stuttgart.org\/index.php\/wp-json\/wp\/v2\/tags?post=2088"}],"curies":[{"name":"wp","href":"https:\/\/api.w.org\/{rel}","templated":true}]}}