{"id":2107,"date":"2024-09-24T11:58:00","date_gmt":"2024-09-24T09:58:00","guid":{"rendered":"https:\/\/enjoy-stuttgart.org\/?p=2107"},"modified":"2024-09-23T16:59:47","modified_gmt":"2024-09-23T14:59:47","slug":"hohenstaufenstrasse","status":"publish","type":"post","link":"https:\/\/enjoy-stuttgart.org\/index.php\/hohenstaufenstrasse\/","title":{"rendered":"Hohenstaufenstra\u00dfe"},"content":{"rendered":"\n<p>In Stuttgart wird es immer herbstlicher und auch im Stuttgarter S\u00fcden f\u00e4rben sich die B\u00e4ume langsam. <img loading=\"lazy\" decoding=\"async\" height=\"16\" width=\"16\" alt=\"\ud83c\udf42\" src=\"https:\/\/static.xx.fbcdn.net\/images\/emoji.php\/v9\/t89\/1\/16\/1f342.png\"><img loading=\"lazy\" decoding=\"async\" height=\"16\" width=\"16\" alt=\"\ud83c\udf41\" src=\"https:\/\/static.xx.fbcdn.net\/images\/emoji.php\/v9\/t8\/1\/16\/1f341.png\"><\/p>\n\n\n\n<p>Die St\u00e4ffele und umliegenden H\u00fcgel laden in den n\u00e4chsten Wochen zu ausgedehnten Herbstspazierg\u00e4ngen ein. <img loading=\"lazy\" decoding=\"async\" height=\"16\" width=\"16\" alt=\"\ud83d\ude0d\" src=\"https:\/\/static.xx.fbcdn.net\/images\/emoji.php\/v9\/t2\/1\/16\/1f60d.png\"><\/p>\n\n\n\n<p>Wie verbringen Sie diese Zeit des Jahres am liebsten?<\/p>\n\n\n\n<p><img loading=\"lazy\" decoding=\"async\" height=\"16\" width=\"16\" alt=\"\ud83d\udccd\" src=\"https:\/\/static.xx.fbcdn.net\/images\/emoji.php\/v9\/t2d\/1\/16\/1f4cd.png\"><a><\/a>Hohenstaufenstra\u00dfe<\/p>\n\n\n\n<p><img loading=\"lazy\" decoding=\"async\" height=\"16\" width=\"16\" alt=\"\u25b6\ufe0f\" src=\"https:\/\/static.xx.fbcdn.net\/images\/emoji.php\/v9\/t40\/1\/16\/25b6.png\"><a href=\"http:\/\/www.lieblingsviertel-stuttgart.de\/?fbclid=IwZXh0bgNhZW0CMTAAAR3TCGU6IMhSh-zbg70dR-3MCh8to-DXTW9l523y2QyzLQIk9jA0REluOd4_aem_w87GXt3OpLNu-617xPTl0A\" rel=\"noreferrer noopener\" target=\"_blank\">www.lieblingsviertel-stuttgart.de<\/a><\/p>\n\n\n\n<figure class=\"wp-block-image size-large\"><img loading=\"lazy\" decoding=\"async\" width=\"1024\" height=\"1024\" src=\"https:\/\/enjoy-stuttgart.org\/wp-content\/uploads\/2024\/09\/461129576_841315998146867_5894489032132957110_n-1024x1024.jpg\" alt=\"\" class=\"wp-image-2108\" srcset=\"https:\/\/enjoy-stuttgart.org\/wp-content\/uploads\/2024\/09\/461129576_841315998146867_5894489032132957110_n-1024x1024.jpg 1024w, https:\/\/enjoy-stuttgart.org\/wp-content\/uploads\/2024\/09\/461129576_841315998146867_5894489032132957110_n-300x300.jpg 300w, https:\/\/enjoy-stuttgart.org\/wp-content\/uploads\/2024\/09\/461129576_841315998146867_5894489032132957110_n-150x150.jpg 150w, https:\/\/enjoy-stuttgart.org\/wp-content\/uploads\/2024\/09\/461129576_841315998146867_5894489032132957110_n-768x768.jpg 768w, https:\/\/enjoy-stuttgart.org\/wp-content\/uploads\/2024\/09\/461129576_841315998146867_5894489032132957110_n.jpg 1080w\" sizes=\"auto, (max-width: 1024px) 100vw, 1024px\" \/><\/figure>\n","protected":false},"excerpt":{"rendered":"<p>In Stuttgart wird es immer herbstlicher und auch im Stuttgarter S\u00fcden f\u00e4rben sich die B\u00e4ume langsam. Die St\u00e4ffele und umliegenden H\u00fcgel laden in den n\u00e4chsten Wochen zu ausgedehnten Herbstspazierg\u00e4ngen ein.&hellip; <\/p>\n","protected":false},"author":1,"featured_media":2108,"comment_status":"open","ping_status":"open","sticky":false,"template":"","format":"standard","meta":{"advanced_seo_description":"","jetpack_seo_html_title":"","jetpack_seo_noindex":false,"jetpack_post_was_ever_published":false,"_jetpack_newsletter_access":"","_jetpack_dont_email_post_to_subs":false,"_jetpack_newsletter_tier_id":0,"_jetpack_memberships_contains_paywalled_content":false,"_jetpack_memberships_contains_paid_content":false,"footnotes":"","jetpack_publicize_message":"","jetpack_publicize_feature_enabled":true,"jetpack_social_post_already_shared":true,"jetpack_social_options":{"image_generator_settings":{"template":"highway","default_image_id":0,"font":"","enabled":false},"version":2}},"categories":[39],"tags":[],"class_list":["post-2107","post","type-post","status-publish","format-standard","has-post-thumbnail","hentry","category-lieblingsviertel"],"jetpack_publicize_connections":[],"jetpack_featured_media_url":"https:\/\/enjoy-stuttgart.org\/wp-content\/uploads\/2024\/09\/461129576_841315998146867_5894489032132957110_n.jpg","jetpack_sharing_enabled":true,"_links":{"self":[{"href":"https:\/\/enjoy-stuttgart.org\/index.php\/wp-json\/wp\/v2\/posts\/2107","targetHints":{"allow":["GET"]}}],"collection":[{"href":"https:\/\/enjoy-stuttgart.org\/index.php\/wp-json\/wp\/v2\/posts"}],"about":[{"href":"https:\/\/enjoy-stuttgart.org\/index.php\/wp-json\/wp\/v2\/types\/post"}],"author":[{"embeddable":true,"href":"https:\/\/enjoy-stuttgart.org\/index.php\/wp-json\/wp\/v2\/users\/1"}],"replies":[{"embeddable":true,"href":"https:\/\/enjoy-stuttgart.org\/index.php\/wp-json\/wp\/v2\/comments?post=2107"}],"version-history":[{"count":1,"href":"https:\/\/enjoy-stuttgart.org\/index.php\/wp-json\/wp\/v2\/posts\/2107\/revisions"}],"predecessor-version":[{"id":2109,"href":"https:\/\/enjoy-stuttgart.org\/index.php\/wp-json\/wp\/v2\/posts\/2107\/revisions\/2109"}],"wp:featuredmedia":[{"embeddable":true,"href":"https:\/\/enjoy-stuttgart.org\/index.php\/wp-json\/wp\/v2\/media\/2108"}],"wp:attachment":[{"href":"https:\/\/enjoy-stuttgart.org\/index.php\/wp-json\/wp\/v2\/media?parent=2107"}],"wp:term":[{"taxonomy":"category","embeddable":true,"href":"https:\/\/enjoy-stuttgart.org\/index.php\/wp-json\/wp\/v2\/categories?post=2107"},{"taxonomy":"post_tag","embeddable":true,"href":"https:\/\/enjoy-stuttgart.org\/index.php\/wp-json\/wp\/v2\/tags?post=2107"}],"curies":[{"name":"wp","href":"https:\/\/api.w.org\/{rel}","templated":true}]}}