{"id":2162,"date":"2024-10-15T14:13:03","date_gmt":"2024-10-15T12:13:03","guid":{"rendered":"https:\/\/enjoy-stuttgart.org\/?p=2162"},"modified":"2024-10-10T14:17:40","modified_gmt":"2024-10-10T12:17:40","slug":"45-jahre-vvs-das-jahr-2020-im-vvs","status":"publish","type":"post","link":"https:\/\/enjoy-stuttgart.org\/index.php\/45-jahre-vvs-das-jahr-2020-im-vvs\/","title":{"rendered":"45 Jahre VVS: das Jahr 2020 im VVS"},"content":{"rendered":"\n<p>Im Jahr 2020 hat auch uns die Corona-Pandemie m\u00e4chtig ausgebremst! Masken, gespenstisch leere Busse und Bahnen geh\u00f6rten von einem auf den anderen Tag zum Alltag. Mit angezogener Handbremse haben wir daf\u00fcr gesorgt, dass ihr weiterhin sicher zum Einkaufen, zum Arzt oder zur Arbeit kommt <img loading=\"lazy\" decoding=\"async\" height=\"16\" width=\"16\" alt=\"\ud83d\ude4c\" src=\"https:\/\/static.xx.fbcdn.net\/images\/emoji.php\/v9\/tfd\/1\/16\/1f64c.png\"><\/p>\n\n\n\n<p>Obwohl nur noch ein Teil der Fahrg\u00e4ste \u00f6ffentlich unterwegs war, sind Bahn und Bus nahezu das volle Angebot gefahren. Unser \u00dcberblick zeigt aber auch, dass es trotz <a><\/a>der Corona-Krise einige Neuerungen im VVS gegeben hat <img loading=\"lazy\" decoding=\"async\" height=\"16\" width=\"16\" alt=\"\ud83c\udf89\" src=\"https:\/\/static.xx.fbcdn.net\/images\/emoji.php\/v9\/t8c\/1\/16\/1f389.png\"><\/p>\n\n\n\n<p><img loading=\"lazy\" decoding=\"async\" height=\"16\" width=\"16\" alt=\"\ud83d\udccc\" src=\"https:\/\/static.xx.fbcdn.net\/images\/emoji.php\/v9\/tac\/1\/16\/1f4cc.png\"> Erweiterte Betriebszeiten, neue Linienf\u00fchrungen, dichtere Takte und neue Fahrzeuge \u2013 darauf konnten sich Fahrg\u00e4ste zum 1. Januar in Ludwigsburg, Waiblingen, Bietigheim-Bissingen, Kornwestheim und Remseck freuen <img loading=\"lazy\" decoding=\"async\" height=\"16\" width=\"16\" alt=\"\ud83d\ude8c\" src=\"https:\/\/static.xx.fbcdn.net\/images\/emoji.php\/v9\/t79\/1\/16\/1f68c.png\"><\/p>\n\n\n\n<p><img loading=\"lazy\" decoding=\"async\" height=\"16\" width=\"16\" alt=\"\ud83d\udccc\" src=\"https:\/\/static.xx.fbcdn.net\/images\/emoji.php\/v9\/tac\/1\/16\/1f4cc.png\"> Die neue Stadtbahnhaltestelle Staatsgalerie ist nicht mehr wiederzuerkennen. Die im September in Betrieb genommene Haltestelle wirkt nun deutlich freundlicher, luftiger und heller als fr\u00fcher. Wer kann sich noch an die &#8222;alte&#8220; Station erinnern?<\/p>\n\n\n\n<p><img loading=\"lazy\" decoding=\"async\" height=\"16\" width=\"16\" alt=\"\ud83d\udccc\" src=\"https:\/\/static.xx.fbcdn.net\/images\/emoji.php\/v9\/tac\/1\/16\/1f4cc.png\"> Die S-Bahn Stuttgart verk\u00fcndet neues lichtgraues Design! Weil die S-Bahnen t\u00e4glich Wind und Wetter ausgesetzt sind, steht alle 15 Jahre ein neuer Anstrich an. Das Design sorgt auch f\u00fcr eine bessere Orientierung am Bahnsteig.<\/p>\n\n\n\n<p><img loading=\"lazy\" decoding=\"async\" height=\"16\" width=\"16\" alt=\"\ud83d\udccc\" src=\"https:\/\/static.xx.fbcdn.net\/images\/emoji.php\/v9\/tac\/1\/16\/1f4cc.png\">25 Jahre Wieslauftalbahn: 2020 feierte das &#8222;Wiesel&#8220; nach der Reaktivierung im Jahre 1995 ihren 25. Geburtstag <img loading=\"lazy\" decoding=\"async\" height=\"16\" width=\"16\" alt=\"\ud83c\udf89\" src=\"https:\/\/static.xx.fbcdn.net\/images\/emoji.php\/v9\/t8c\/1\/16\/1f389.png\"> Anl\u00e4sslich des Jubil\u00e4ums brachte der VVS eine Brosch\u00fcre mit zehn Wanderungen heraus, die alle in Verbindung mit der Wieslauftalbahn stehen.<\/p>\n\n\n\n<p><img loading=\"lazy\" decoding=\"async\" height=\"16\" width=\"16\" alt=\"\ud83d\udccc\" src=\"https:\/\/static.xx.fbcdn.net\/images\/emoji.php\/v9\/tac\/1\/16\/1f4cc.png\">Trotz finanzieller Unsicherheiten w\u00e4hrend Corona wurde zum 1. September das 365-Euro-Ticket f\u00fcr Stuttgarter Sch\u00fcler und Azubis eingef\u00fchrt. 4 Jahre sp\u00e4ter profitierten dann alle in Baden-W\u00fcrttemberg vom bundesweit g\u00fcltigen D-Ticket JugendBW. Tolle Entwicklung, oder? <img loading=\"lazy\" decoding=\"async\" height=\"16\" width=\"16\" alt=\"\ud83d\ude0a\" src=\"https:\/\/static.xx.fbcdn.net\/images\/emoji.php\/v9\/t7f\/1\/16\/1f60a.png\"><\/p>\n\n\n\n<p><img loading=\"lazy\" decoding=\"async\" height=\"16\" width=\"16\" alt=\"\ud83d\udccc\" src=\"https:\/\/static.xx.fbcdn.net\/images\/emoji.php\/v9\/tac\/1\/16\/1f4cc.png\"> Im Januar 2021 wurde der Landkreis G\u00f6ppingen neues Mitglied im VVS. Im Vorfeld konnten sich Fahrg\u00e4ste \u00fcber die Neuerung informieren und sich mit dem VVS-Tarifcheck einen \u00dcberblick \u00fcber die neuen Fahrpreise verschaffen <img loading=\"lazy\" decoding=\"async\" height=\"16\" width=\"16\" alt=\"\ud83d\udcf2\" src=\"https:\/\/static.xx.fbcdn.net\/images\/emoji.php\/v9\/td8\/1\/16\/1f4f2.png\"><\/p>\n\n\n\n<figure class=\"wp-block-image size-large\"><img loading=\"lazy\" decoding=\"async\" width=\"1024\" height=\"1024\" src=\"https:\/\/enjoy-stuttgart.org\/wp-content\/uploads\/2024\/10\/1-1024x1024.jpg\" alt=\"\" class=\"wp-image-2163\" srcset=\"https:\/\/enjoy-stuttgart.org\/wp-content\/uploads\/2024\/10\/1-1024x1024.jpg 1024w, https:\/\/enjoy-stuttgart.org\/wp-content\/uploads\/2024\/10\/1-300x300.jpg 300w, https:\/\/enjoy-stuttgart.org\/wp-content\/uploads\/2024\/10\/1-150x150.jpg 150w, https:\/\/enjoy-stuttgart.org\/wp-content\/uploads\/2024\/10\/1-768x768.jpg 768w, https:\/\/enjoy-stuttgart.org\/wp-content\/uploads\/2024\/10\/1.jpg 1080w\" sizes=\"auto, (max-width: 1024px) 100vw, 1024px\" \/><\/figure>\n\n\n\n<figure class=\"wp-block-image size-large\"><img decoding=\"async\" src=\"https:\/\/webseiten-daten.cc\/pdf\/stuttgart\/0aaa2024\/0aaasep-dez\/0jahrevvs2020coronajahr\/2.jpg\" alt=\"\"\/><\/figure>\n\n\n\n<figure class=\"wp-block-image size-large\"><img decoding=\"async\" src=\"https:\/\/webseiten-daten.cc\/pdf\/stuttgart\/0aaa2024\/0aaasep-dez\/0jahrevvs2020coronajahr\/3.jpg\" alt=\"\"\/><\/figure>\n\n\n\n<figure class=\"wp-block-image size-large\"><img decoding=\"async\" src=\"https:\/\/webseiten-daten.cc\/pdf\/stuttgart\/0aaa2024\/0aaasep-dez\/0jahrevvs2020coronajahr\/4.jpg\" alt=\"\"\/><\/figure>\n\n\n\n<figure class=\"wp-block-image size-large\"><img decoding=\"async\" src=\"https:\/\/webseiten-daten.cc\/pdf\/stuttgart\/0aaa2024\/0aaasep-dez\/0jahrevvs2020coronajahr\/5.jpg\" alt=\"\"\/><\/figure>\n\n\n\n<figure class=\"wp-block-image size-large\"><img decoding=\"async\" src=\"https:\/\/webseiten-daten.cc\/pdf\/stuttgart\/0aaa2024\/0aaasep-dez\/0jahrevvs2020coronajahr\/6.jpg\" alt=\"\"\/><\/figure>\n","protected":false},"excerpt":{"rendered":"<p>Im Jahr 2020 hat auch uns die Corona-Pandemie m\u00e4chtig ausgebremst! Masken, gespenstisch leere Busse und Bahnen geh\u00f6rten von einem auf den anderen Tag zum Alltag. Mit angezogener Handbremse haben wir&hellip; <\/p>\n","protected":false},"author":1,"featured_media":2163,"comment_status":"closed","ping_status":"closed","sticky":false,"template":"","format":"standard","meta":{"advanced_seo_description":"","jetpack_seo_html_title":"","jetpack_seo_noindex":false,"jetpack_post_was_ever_published":false,"_jetpack_newsletter_access":"","_jetpack_dont_email_post_to_subs":false,"_jetpack_newsletter_tier_id":0,"_jetpack_memberships_contains_paywalled_content":false,"_jetpack_memberships_contains_paid_content":false,"footnotes":"","jetpack_publicize_message":"","jetpack_publicize_feature_enabled":true,"jetpack_social_post_already_shared":true,"jetpack_social_options":{"image_generator_settings":{"template":"highway","default_image_id":0,"font":"","enabled":false},"version":2}},"categories":[28],"tags":[],"class_list":["post-2162","post","type-post","status-publish","format-standard","has-post-thumbnail","hentry","category-vvs"],"jetpack_publicize_connections":[],"jetpack_featured_media_url":"https:\/\/enjoy-stuttgart.org\/wp-content\/uploads\/2024\/10\/1.jpg","jetpack_sharing_enabled":true,"_links":{"self":[{"href":"https:\/\/enjoy-stuttgart.org\/index.php\/wp-json\/wp\/v2\/posts\/2162","targetHints":{"allow":["GET"]}}],"collection":[{"href":"https:\/\/enjoy-stuttgart.org\/index.php\/wp-json\/wp\/v2\/posts"}],"about":[{"href":"https:\/\/enjoy-stuttgart.org\/index.php\/wp-json\/wp\/v2\/types\/post"}],"author":[{"embeddable":true,"href":"https:\/\/enjoy-stuttgart.org\/index.php\/wp-json\/wp\/v2\/users\/1"}],"replies":[{"embeddable":true,"href":"https:\/\/enjoy-stuttgart.org\/index.php\/wp-json\/wp\/v2\/comments?post=2162"}],"version-history":[{"count":1,"href":"https:\/\/enjoy-stuttgart.org\/index.php\/wp-json\/wp\/v2\/posts\/2162\/revisions"}],"predecessor-version":[{"id":2164,"href":"https:\/\/enjoy-stuttgart.org\/index.php\/wp-json\/wp\/v2\/posts\/2162\/revisions\/2164"}],"wp:featuredmedia":[{"embeddable":true,"href":"https:\/\/enjoy-stuttgart.org\/index.php\/wp-json\/wp\/v2\/media\/2163"}],"wp:attachment":[{"href":"https:\/\/enjoy-stuttgart.org\/index.php\/wp-json\/wp\/v2\/media?parent=2162"}],"wp:term":[{"taxonomy":"category","embeddable":true,"href":"https:\/\/enjoy-stuttgart.org\/index.php\/wp-json\/wp\/v2\/categories?post=2162"},{"taxonomy":"post_tag","embeddable":true,"href":"https:\/\/enjoy-stuttgart.org\/index.php\/wp-json\/wp\/v2\/tags?post=2162"}],"curies":[{"name":"wp","href":"https:\/\/api.w.org\/{rel}","templated":true}]}}