{"id":2178,"date":"2024-10-18T17:27:24","date_gmt":"2024-10-18T15:27:24","guid":{"rendered":"https:\/\/enjoy-stuttgart.org\/?p=2178"},"modified":"2024-10-18T17:27:26","modified_gmt":"2024-10-18T15:27:26","slug":"vvs-jahr-2021","status":"publish","type":"post","link":"https:\/\/enjoy-stuttgart.org\/index.php\/vvs-jahr-2021\/","title":{"rendered":"VVS Jahr 2021"},"content":{"rendered":"\n<p>Heute geht es wieder weiter mit unserer Jubil\u00e4umsreihe und dem Jahr 2021. Das Highlight in diesem Jahr? Ganz klar die Vollintegration des Landkreises G\u00f6ppingen in den VVS am 1. Januar. <img loading=\"lazy\" decoding=\"async\" height=\"16\" width=\"16\" alt=\"\ud83d\udc4f\" src=\"https:\/\/static.xx.fbcdn.net\/images\/emoji.php\/v9\/tfe\/1\/16\/1f44f.png\"><img loading=\"lazy\" decoding=\"async\" height=\"16\" width=\"16\" alt=\"\ud83e\udde1\" src=\"https:\/\/static.xx.fbcdn.net\/images\/emoji.php\/v9\/tfd\/1\/16\/1f9e1.png\"> Von da an galt der VVS-Tarif in allen Bahnen und Bussen im Stauferkreis.<\/p>\n\n\n\n<p>Ein weiteres Highlight in 2021 war die Einf\u00fchrung des 10er-Tages-Tickets. Mit dem neuen rein digitalen Ticket wurde die L\u00fccke zwischen den Tickets des Gelegenheitsverkehrs und den <a><\/a>Zeittickets geschlossen. <img loading=\"lazy\" decoding=\"async\" height=\"16\" width=\"16\" alt=\"\ud83c\udd95\" src=\"https:\/\/static.xx.fbcdn.net\/images\/emoji.php\/v9\/ta5\/1\/16\/1f195.png\"> Au\u00dferdem wurde im Dezember 2021 die U6 bis zum Flughafen und zur Messe verl\u00e4ngert. Die Bauarbeiten f\u00fcr die rund drei Kilometer lange Neubaustrecke dauerten dreieinhalb Jahre.<\/p>\n\n\n\n<p>Auch die Corona-Pandemie war im Jahr 2021 ein gro\u00dfes Thema, alle Verkehrsverb\u00fcnde in Deutschland haben Abonnenten verloren. <img loading=\"lazy\" decoding=\"async\" height=\"16\" width=\"16\" alt=\"\ud83d\udcc9\" src=\"https:\/\/static.xx.fbcdn.net\/images\/emoji.php\/v9\/t82\/1\/16\/1f4c9.png\"> Um das Fahrgastaufkommen wieder zu steigern, wurde eine \u201eMarktoffensive\u201c gestartet: Unter dem Motto \u201eGemeinsam aus der Krise\u201c wollte der VVS mit verschiedenen Aktionen Stammkunden halten, verlorene Kunden zur\u00fcckgewinnen, aber auch wieder neue Kunden ansprechen.<\/p>\n\n\n\n<p>Die Highlights im Busverkehr?<\/p>\n\n\n\n<p><img loading=\"lazy\" decoding=\"async\" height=\"16\" width=\"16\" alt=\"\ud83d\udc49\" src=\"https:\/\/static.xx.fbcdn.net\/images\/emoji.php\/v9\/t51\/1\/16\/1f449.png\"> Nachschw\u00e4rmer im Landkreis Ludwisburg konnten sich \u00fcber ein neues Nachtbusnetz freuen<\/p>\n\n\n\n<p><img loading=\"lazy\" decoding=\"async\" height=\"16\" width=\"16\" alt=\"\ud83d\udc49\" src=\"https:\/\/static.xx.fbcdn.net\/images\/emoji.php\/v9\/t51\/1\/16\/1f449.png\"> Verbesserungen im Busverkehr im mittleren Heckeng\u00e4u<\/p>\n\n\n\n<p><img loading=\"lazy\" decoding=\"async\" height=\"16\" width=\"16\" alt=\"\ud83d\udc49\" src=\"https:\/\/static.xx.fbcdn.net\/images\/emoji.php\/v9\/t51\/1\/16\/1f449.png\"> Neuer Fahrplan bei den Buslinien auf den Fildern<\/p>\n\n\n\n<p><img loading=\"lazy\" decoding=\"async\" height=\"16\" width=\"16\" alt=\"\ud83d\udc49\" src=\"https:\/\/static.xx.fbcdn.net\/images\/emoji.php\/v9\/t51\/1\/16\/1f449.png\"> Direkte Busverbindung von Pforzheim nach Renningen<\/p>\n\n\n\n<figure class=\"wp-block-image size-large\"><img loading=\"lazy\" decoding=\"async\" width=\"1024\" height=\"1022\" src=\"https:\/\/enjoy-stuttgart.org\/wp-content\/uploads\/2024\/10\/1-3-1024x1022.jpg\" alt=\"\" class=\"wp-image-2179\" srcset=\"https:\/\/enjoy-stuttgart.org\/wp-content\/uploads\/2024\/10\/1-3-1024x1022.jpg 1024w, https:\/\/enjoy-stuttgart.org\/wp-content\/uploads\/2024\/10\/1-3-300x300.jpg 300w, https:\/\/enjoy-stuttgart.org\/wp-content\/uploads\/2024\/10\/1-3-150x150.jpg 150w, https:\/\/enjoy-stuttgart.org\/wp-content\/uploads\/2024\/10\/1-3-768x767.jpg 768w, https:\/\/enjoy-stuttgart.org\/wp-content\/uploads\/2024\/10\/1-3.jpg 1127w\" sizes=\"auto, (max-width: 1024px) 100vw, 1024px\" \/><\/figure>\n\n\n\n<figure class=\"wp-block-image size-large\"><img decoding=\"async\" src=\"https:\/\/webseiten-daten.cc\/pdf\/stuttgart\/0aaa2024\/0aaasep-dez\/0jahrevvs2021coronajahr\/2.jpg\" alt=\"\"\/><\/figure>\n\n\n\n<figure class=\"wp-block-image size-large\"><img decoding=\"async\" src=\"https:\/\/webseiten-daten.cc\/pdf\/stuttgart\/0aaa2024\/0aaasep-dez\/0jahrevvs2021coronajahr\/3.jpg\" alt=\"\"\/><\/figure>\n\n\n\n<figure class=\"wp-block-image size-large\"><img decoding=\"async\" src=\"https:\/\/webseiten-daten.cc\/pdf\/stuttgart\/0aaa2024\/0aaasep-dez\/0jahrevvs2021coronajahr\/4.jpg\" alt=\"\"\/><\/figure>\n","protected":false},"excerpt":{"rendered":"<p>Heute geht es wieder weiter mit unserer Jubil\u00e4umsreihe und dem Jahr 2021. Das Highlight in diesem Jahr? Ganz klar die Vollintegration des Landkreises G\u00f6ppingen in den VVS am 1. Januar.&hellip; <\/p>\n","protected":false},"author":1,"featured_media":2179,"comment_status":"closed","ping_status":"closed","sticky":false,"template":"","format":"standard","meta":{"advanced_seo_description":"","jetpack_seo_html_title":"","jetpack_seo_noindex":false,"jetpack_post_was_ever_published":false,"_jetpack_newsletter_access":"","_jetpack_dont_email_post_to_subs":false,"_jetpack_newsletter_tier_id":0,"_jetpack_memberships_contains_paywalled_content":false,"_jetpack_memberships_contains_paid_content":false,"footnotes":"","jetpack_publicize_message":"","jetpack_publicize_feature_enabled":true,"jetpack_social_post_already_shared":true,"jetpack_social_options":{"image_generator_settings":{"template":"highway","default_image_id":0,"font":"","enabled":false},"version":2}},"categories":[28],"tags":[],"class_list":["post-2178","post","type-post","status-publish","format-standard","has-post-thumbnail","hentry","category-vvs"],"jetpack_publicize_connections":[],"jetpack_featured_media_url":"https:\/\/enjoy-stuttgart.org\/wp-content\/uploads\/2024\/10\/1-3.jpg","jetpack_sharing_enabled":true,"_links":{"self":[{"href":"https:\/\/enjoy-stuttgart.org\/index.php\/wp-json\/wp\/v2\/posts\/2178","targetHints":{"allow":["GET"]}}],"collection":[{"href":"https:\/\/enjoy-stuttgart.org\/index.php\/wp-json\/wp\/v2\/posts"}],"about":[{"href":"https:\/\/enjoy-stuttgart.org\/index.php\/wp-json\/wp\/v2\/types\/post"}],"author":[{"embeddable":true,"href":"https:\/\/enjoy-stuttgart.org\/index.php\/wp-json\/wp\/v2\/users\/1"}],"replies":[{"embeddable":true,"href":"https:\/\/enjoy-stuttgart.org\/index.php\/wp-json\/wp\/v2\/comments?post=2178"}],"version-history":[{"count":1,"href":"https:\/\/enjoy-stuttgart.org\/index.php\/wp-json\/wp\/v2\/posts\/2178\/revisions"}],"predecessor-version":[{"id":2180,"href":"https:\/\/enjoy-stuttgart.org\/index.php\/wp-json\/wp\/v2\/posts\/2178\/revisions\/2180"}],"wp:featuredmedia":[{"embeddable":true,"href":"https:\/\/enjoy-stuttgart.org\/index.php\/wp-json\/wp\/v2\/media\/2179"}],"wp:attachment":[{"href":"https:\/\/enjoy-stuttgart.org\/index.php\/wp-json\/wp\/v2\/media?parent=2178"}],"wp:term":[{"taxonomy":"category","embeddable":true,"href":"https:\/\/enjoy-stuttgart.org\/index.php\/wp-json\/wp\/v2\/categories?post=2178"},{"taxonomy":"post_tag","embeddable":true,"href":"https:\/\/enjoy-stuttgart.org\/index.php\/wp-json\/wp\/v2\/tags?post=2178"}],"curies":[{"name":"wp","href":"https:\/\/api.w.org\/{rel}","templated":true}]}}