{"id":2210,"date":"2024-10-28T14:13:00","date_gmt":"2024-10-28T13:13:00","guid":{"rendered":"https:\/\/enjoy-stuttgart.org\/?p=2210"},"modified":"2024-10-24T22:15:55","modified_gmt":"2024-10-24T20:15:55","slug":"45-jahre-vvs-das-jahr-2022","status":"publish","type":"post","link":"https:\/\/enjoy-stuttgart.org\/index.php\/45-jahre-vvs-das-jahr-2022\/","title":{"rendered":"45 Jahre VVS, das Jahr 2022"},"content":{"rendered":"\n<p>Vor \u00fcber einem Jahr haben wir unsere Reise durch die Verbundgeschichte gestartet und euch jeden Donnerstag ein Verbundjahr vorgestellt. Heute sind wir im Jahr 2022 angekommen und damit endet auch unsere Serie <img loading=\"lazy\" decoding=\"async\" height=\"16\" width=\"16\" alt=\"\ud83d\ude41\" src=\"https:\/\/static.xx.fbcdn.net\/images\/emoji.php\/v9\/tcb\/1\/16\/1f641.png\"><\/p>\n\n\n\n<p>2022 war noch einmal stark von der Corona-Pandemie gepr\u00e4gt. Anfang des Jahres galt der 3G-Nachweis in Bus &amp; Bahn und das ganze Jahr die Maskenpflicht <img loading=\"lazy\" decoding=\"async\" height=\"16\" width=\"16\" alt=\"\ud83d\ude37\" src=\"https:\/\/static.xx.fbcdn.net\/images\/emoji.php\/v9\/t32\/1\/16\/1f637.png\"> Als Booster f\u00fcr den Nahverkehr hat sich das 9-Euro-Ticket von Juni bis August erwiesen. Im <a><\/a>Anschluss an das Sommerm\u00e4rchen ist auch die Zahl der Abonnenten, die bis dahin eingebrochen ist, wieder gestiegen <img loading=\"lazy\" decoding=\"async\" height=\"16\" width=\"16\" alt=\"\ud83c\udf89\" src=\"https:\/\/static.xx.fbcdn.net\/images\/emoji.php\/v9\/t8c\/1\/16\/1f389.png\"><\/p>\n\n\n\n<p>Was 2022 noch passiert ist <img loading=\"lazy\" decoding=\"async\" height=\"16\" width=\"16\" alt=\"\ud83d\udc47\" src=\"https:\/\/static.xx.fbcdn.net\/images\/emoji.php\/v9\/t4f\/1\/16\/1f447.png\"><\/p>\n\n\n\n<p><img loading=\"lazy\" decoding=\"async\" height=\"16\" width=\"16\" alt=\"\ud83d\udccc\" src=\"https:\/\/static.xx.fbcdn.net\/images\/emoji.php\/v9\/tac\/1\/16\/1f4cc.png\"> Als am 9. Dezember 2022 die beiden IRE200- und ICE-Sonderz\u00fcge parallel \u00fcber die Alb fuhren, wurde ein neues Kapitel im Bahnverkehr Stuttgart &#8211; Ulm aufgeschlagen. Zwei Tage sp\u00e4ter startete der regul\u00e4re Betrieb auf der neuen Schnellfahrstrecke zwischen Wendlingen und Ulm. Wusstet ihr, dass der IRE200 der schnellste Regionalzug Deutschlands ist?<\/p>\n\n\n\n<p><img loading=\"lazy\" decoding=\"async\" height=\"16\" width=\"16\" alt=\"\ud83d\udccc\" src=\"https:\/\/static.xx.fbcdn.net\/images\/emoji.php\/v9\/tac\/1\/16\/1f4cc.png\"> Seit Sommer 2022 sind auf der Zacke zwischen Marienplatz und Degerloch nur noch neue Wagen unterwegs. Stolze 40 Jahre waren die &#8222;alten&#8220; Wagen der Stuttgarter Zahnradbahn unerm\u00fcdlich im Einsatz<\/p>\n\n\n\n<p><img loading=\"lazy\" decoding=\"async\" height=\"16\" width=\"16\" alt=\"\ud83d\udccc\" src=\"https:\/\/static.xx.fbcdn.net\/images\/emoji.php\/v9\/tac\/1\/16\/1f4cc.png\">Seit dem Fr\u00fchjahr k\u00f6nnen Pendler dank des neuen VVS-Umweltrechners mit nur wenigen Klicks herausfinden, wie viel CO2 und bares Geld sie einsparen, wenn sie auf Bus und Bahn umsteigen <img loading=\"lazy\" decoding=\"async\" height=\"16\" width=\"16\" alt=\"\ud83d\udc49\" src=\"https:\/\/static.xx.fbcdn.net\/images\/emoji.php\/v9\/t51\/1\/16\/1f449.png\"><a href=\"http:\/\/vvs.de\/umweltrechner?fbclid=IwZXh0bgNhZW0CMTAAAR33G-HAfj2344wZdXUPo_hAZo8y4F6bFmb9ugWGMYzRe5cKFnCG2dI6i0o_aem_AFbCGun0cgCWkcMlAsqYGA\" rel=\"noreferrer noopener\" target=\"_blank\">vvs.de\/umweltrechner<\/a><\/p>\n\n\n\n<p><img loading=\"lazy\" decoding=\"async\" height=\"16\" width=\"16\" alt=\"\ud83d\udccc\" src=\"https:\/\/static.xx.fbcdn.net\/images\/emoji.php\/v9\/tac\/1\/16\/1f4cc.png\"> 2022 hat unsere Umsteigerfamilie aus Adelberg zwei Wochen auf das eigene Auto verzichtet. Statt mit dem eigenen Auto durften die Kr\u00f6hnerts nur noch mit Bus und Bahn fahren oder Leifahrr\u00e4der sowie Carsharing-Pkws nutzen. Der Versuch ist gegl\u00fcckt: Als Belohnung gabs vom VVS ein \u00fcbertragbares JahresTicket f\u00fcrs ganze Netz<\/p>\n\n\n\n<p><img loading=\"lazy\" decoding=\"async\" height=\"16\" width=\"16\" alt=\"\ud83d\udccc\" src=\"https:\/\/static.xx.fbcdn.net\/images\/emoji.php\/v9\/tac\/1\/16\/1f4cc.png\"> Wer Bus und Bahn nimmt, hat oft gute Gr\u00fcnde. Deshalb sind wir 2022 mit unserer Bekenner-Serie gestartet. Wir haben bekannte Gesichter aus der Region gefragt, warum die \u00d6ffentlichen ihre Verkehrsmittel der Wahl sind. Auch 2024 produzieren wir noch neue Folgen <img loading=\"lazy\" decoding=\"async\" height=\"16\" width=\"16\" alt=\"\ud83d\udc49\" src=\"https:\/\/static.xx.fbcdn.net\/images\/emoji.php\/v9\/t51\/1\/16\/1f449.png\"><a href=\"https:\/\/l.facebook.com\/l.php?u=http%3A%2F%2Fvvs.de%2Fbekenner%3Ffbclid%3DIwZXh0bgNhZW0CMTAAAR0jKi7w3T1C67JZ6RtLMuKQW36HjUCk6R2WEvxhffcIM-aZg1GKIihllpw_aem_q1qYjwRBrzsiJ_j-BE4MdQ&amp;h=AT3LFDimI4WIzbSDxJNjr53pnb8ZYDc2gmIft6g4n4aM4CYBtCaP0ogYv7lCqQwRNC6B5dHukssmMxSGsfuCtkzXeLuR5zFbOgcYAncBx-tUYJk34tOUxXTqoLKo_p1xpJyP&amp;__tn__=-UK-R&amp;c[0]=AT1JEgdA-BnaPX-12DV5hcAgvLBL1e2PNd_5zoKOLNgYn_X2KW7-mXsDdMexm9ayNpyMqbf1HR6ynlLEsbYNwkkjovVfy7gd5IwWB0zWnxiH8CbKu4SBq3t8Vm_jH88tEvnbDx2miWRYG9a2I_aIFz_SwBEUhMdDwxqjpnZKNCdCI0APSIiYQBk3L3h-UXdh1LzhsC1iB5GpOK2P2khMt6DHMH4\" rel=\"noreferrer noopener\" target=\"_blank\">vvs.de\/bekenner<\/a><\/p>\n\n\n\n<figure class=\"wp-block-image size-large\"><img loading=\"lazy\" decoding=\"async\" width=\"1024\" height=\"1024\" src=\"https:\/\/enjoy-stuttgart.org\/wp-content\/uploads\/2024\/10\/1-6-1024x1024.jpg\" alt=\"\" class=\"wp-image-2211\" srcset=\"https:\/\/enjoy-stuttgart.org\/wp-content\/uploads\/2024\/10\/1-6-1024x1024.jpg 1024w, https:\/\/enjoy-stuttgart.org\/wp-content\/uploads\/2024\/10\/1-6-300x300.jpg 300w, https:\/\/enjoy-stuttgart.org\/wp-content\/uploads\/2024\/10\/1-6-150x150.jpg 150w, https:\/\/enjoy-stuttgart.org\/wp-content\/uploads\/2024\/10\/1-6-768x768.jpg 768w, https:\/\/enjoy-stuttgart.org\/wp-content\/uploads\/2024\/10\/1-6.jpg 1080w\" sizes=\"auto, (max-width: 1024px) 100vw, 1024px\" \/><\/figure>\n\n\n\n<figure class=\"wp-block-image size-large\"><img decoding=\"async\" src=\"https:\/\/webseiten-daten.cc\/pdf\/stuttgart\/0aaa2024\/0aaasep-dez\/0jahrevvs2022coronajahr\/2.jpg\" alt=\"\"\/><\/figure>\n\n\n\n<figure class=\"wp-block-image size-large\"><img decoding=\"async\" src=\"https:\/\/webseiten-daten.cc\/pdf\/stuttgart\/0aaa2024\/0aaasep-dez\/0jahrevvs2022coronajahr\/3.jpg\" alt=\"\"\/><\/figure>\n\n\n\n<figure class=\"wp-block-image size-large\"><img decoding=\"async\" src=\"https:\/\/webseiten-daten.cc\/pdf\/stuttgart\/0aaa2024\/0aaasep-dez\/0jahrevvs2022coronajahr\/4.jpg\" alt=\"\"\/><\/figure>\n\n\n\n<figure class=\"wp-block-image size-large\"><img decoding=\"async\" src=\"https:\/\/webseiten-daten.cc\/pdf\/stuttgart\/0aaa2024\/0aaasep-dez\/0jahrevvs2022coronajahr\/5.jpg\" alt=\"\"\/><\/figure>\n\n\n\n<figure class=\"wp-block-image size-large\"><img decoding=\"async\" src=\"https:\/\/webseiten-daten.cc\/pdf\/stuttgart\/0aaa2024\/0aaasep-dez\/0jahrevvs2022coronajahr\/6.jpg\" alt=\"\"\/><\/figure>\n","protected":false},"excerpt":{"rendered":"<p>Vor \u00fcber einem Jahr haben wir unsere Reise durch die Verbundgeschichte gestartet und euch jeden Donnerstag ein Verbundjahr vorgestellt. Heute sind wir im Jahr 2022 angekommen und damit endet auch&hellip; <\/p>\n","protected":false},"author":1,"featured_media":2211,"comment_status":"open","ping_status":"open","sticky":false,"template":"","format":"standard","meta":{"advanced_seo_description":"","jetpack_seo_html_title":"","jetpack_seo_noindex":false,"jetpack_post_was_ever_published":false,"_jetpack_newsletter_access":"","_jetpack_dont_email_post_to_subs":false,"_jetpack_newsletter_tier_id":0,"_jetpack_memberships_contains_paywalled_content":false,"_jetpack_memberships_contains_paid_content":false,"footnotes":"","jetpack_publicize_message":"","jetpack_publicize_feature_enabled":true,"jetpack_social_post_already_shared":true,"jetpack_social_options":{"image_generator_settings":{"template":"highway","default_image_id":0,"font":"","enabled":false},"version":2}},"categories":[28],"tags":[],"class_list":["post-2210","post","type-post","status-publish","format-standard","has-post-thumbnail","hentry","category-vvs"],"jetpack_publicize_connections":[],"jetpack_featured_media_url":"https:\/\/enjoy-stuttgart.org\/wp-content\/uploads\/2024\/10\/1-6.jpg","jetpack_sharing_enabled":true,"_links":{"self":[{"href":"https:\/\/enjoy-stuttgart.org\/index.php\/wp-json\/wp\/v2\/posts\/2210","targetHints":{"allow":["GET"]}}],"collection":[{"href":"https:\/\/enjoy-stuttgart.org\/index.php\/wp-json\/wp\/v2\/posts"}],"about":[{"href":"https:\/\/enjoy-stuttgart.org\/index.php\/wp-json\/wp\/v2\/types\/post"}],"author":[{"embeddable":true,"href":"https:\/\/enjoy-stuttgart.org\/index.php\/wp-json\/wp\/v2\/users\/1"}],"replies":[{"embeddable":true,"href":"https:\/\/enjoy-stuttgart.org\/index.php\/wp-json\/wp\/v2\/comments?post=2210"}],"version-history":[{"count":1,"href":"https:\/\/enjoy-stuttgart.org\/index.php\/wp-json\/wp\/v2\/posts\/2210\/revisions"}],"predecessor-version":[{"id":2212,"href":"https:\/\/enjoy-stuttgart.org\/index.php\/wp-json\/wp\/v2\/posts\/2210\/revisions\/2212"}],"wp:featuredmedia":[{"embeddable":true,"href":"https:\/\/enjoy-stuttgart.org\/index.php\/wp-json\/wp\/v2\/media\/2211"}],"wp:attachment":[{"href":"https:\/\/enjoy-stuttgart.org\/index.php\/wp-json\/wp\/v2\/media?parent=2210"}],"wp:term":[{"taxonomy":"category","embeddable":true,"href":"https:\/\/enjoy-stuttgart.org\/index.php\/wp-json\/wp\/v2\/categories?post=2210"},{"taxonomy":"post_tag","embeddable":true,"href":"https:\/\/enjoy-stuttgart.org\/index.php\/wp-json\/wp\/v2\/tags?post=2210"}],"curies":[{"name":"wp","href":"https:\/\/api.w.org\/{rel}","templated":true}]}}