{"id":2551,"date":"2025-03-18T12:13:00","date_gmt":"2025-03-18T11:13:00","guid":{"rendered":"https:\/\/enjoy-stuttgart.org\/?p=2551"},"modified":"2025-03-17T18:14:09","modified_gmt":"2025-03-17T17:14:09","slug":"zeppelinstrasse","status":"publish","type":"post","link":"https:\/\/enjoy-stuttgart.org\/index.php\/zeppelinstrasse\/","title":{"rendered":"Zeppelinstra\u00dfe"},"content":{"rendered":"\n<p>Kurz bevor die Zeppelinstra\u00dfe den Kr\u00e4herwald erreicht, legt sie sich in die Kurve und gibt die Sicht frei: \u00fcber den Stuttgarter Westen und den gesamten Talkessel hin\u00fcber zum Fernsehturm. Besonders spektakul\u00e4r ist die Aussicht zum Sonnenaufgang. <img loading=\"lazy\" decoding=\"async\" height=\"16\" width=\"16\" alt=\"\ud83c\udf07\" src=\"https:\/\/static.xx.fbcdn.net\/images\/emoji.php\/v9\/t92\/1\/16\/1f307.png\"><img loading=\"lazy\" decoding=\"async\" height=\"16\" width=\"16\" alt=\"\ud83d\ude0d\" src=\"https:\/\/static.xx.fbcdn.net\/images\/emoji.php\/v9\/t2\/1\/16\/1f60d.png\"><\/p>\n\n\n\n<p>Wer sich hier noch nicht satt gesehen hat, der kommt in wenigen Minuten zu einem weiteren Aussichtspunkt an der Leibnizstra\u00dfe.<\/p>\n\n\n\n<p>Was ist f\u00fcr Sie der sch\u00f6nste Aussichtspunkt in Stuttgart?<\/p>\n\n\n\n<p><img loading=\"lazy\" decoding=\"async\" height=\"16\" width=\"16\" alt=\"\ud83d\udccd\" src=\"https:\/\/static.xx.fbcdn.net\/images\/emoji.php\/v9\/t2d\/1\/16\/1f4cd.png\"><a><\/a>Zeppelinstra\u00dfe<\/p>\n\n\n\n<p><img loading=\"lazy\" decoding=\"async\" height=\"16\" width=\"16\" alt=\"\u27a1\ufe0f\" src=\"https:\/\/static.xx.fbcdn.net\/images\/emoji.php\/v9\/t9e\/1\/16\/27a1.png\"><a href=\"http:\/\/www.lieblingsviertel-stuttgart.de\/?fbclid=IwZXh0bgNhZW0CMTAAAR3Em6senoQvJLvYKZRAwaI5iMdJvaWdKB1wOVsj_Y2GPot0kIxTNnsK7Nc_aem_18i_9VHC3Rh-LQPfLHxYDQ\" rel=\"noreferrer noopener\" target=\"_blank\">www.lieblingsviertel-stuttgart.de<\/a><\/p>\n\n\n\n<figure class=\"wp-block-image size-large\"><img loading=\"lazy\" decoding=\"async\" width=\"819\" height=\"1024\" src=\"https:\/\/enjoy-stuttgart.org\/wp-content\/uploads\/2025\/03\/483524495_960296629582136_2425973309053921613_n-819x1024.jpg\" alt=\"\" class=\"wp-image-2552\" srcset=\"https:\/\/enjoy-stuttgart.org\/wp-content\/uploads\/2025\/03\/483524495_960296629582136_2425973309053921613_n-819x1024.jpg 819w, https:\/\/enjoy-stuttgart.org\/wp-content\/uploads\/2025\/03\/483524495_960296629582136_2425973309053921613_n-240x300.jpg 240w, https:\/\/enjoy-stuttgart.org\/wp-content\/uploads\/2025\/03\/483524495_960296629582136_2425973309053921613_n-768x960.jpg 768w, https:\/\/enjoy-stuttgart.org\/wp-content\/uploads\/2025\/03\/483524495_960296629582136_2425973309053921613_n.jpg 1080w\" sizes=\"auto, (max-width: 819px) 100vw, 819px\" \/><\/figure>\n","protected":false},"excerpt":{"rendered":"<p>Kurz bevor die Zeppelinstra\u00dfe den Kr\u00e4herwald erreicht, legt sie sich in die Kurve und gibt die Sicht frei: \u00fcber den Stuttgarter Westen und den gesamten Talkessel hin\u00fcber zum Fernsehturm. Besonders&hellip; <\/p>\n","protected":false},"author":1,"featured_media":2552,"comment_status":"open","ping_status":"open","sticky":false,"template":"","format":"standard","meta":{"advanced_seo_description":"","jetpack_seo_html_title":"","jetpack_seo_noindex":false,"jetpack_post_was_ever_published":false,"_jetpack_newsletter_access":"","_jetpack_dont_email_post_to_subs":false,"_jetpack_newsletter_tier_id":0,"_jetpack_memberships_contains_paywalled_content":false,"_jetpack_memberships_contains_paid_content":false,"footnotes":"","jetpack_publicize_message":"","jetpack_publicize_feature_enabled":true,"jetpack_social_post_already_shared":true,"jetpack_social_options":{"image_generator_settings":{"template":"highway","default_image_id":0,"font":"","enabled":false},"version":2}},"categories":[39],"tags":[],"class_list":["post-2551","post","type-post","status-publish","format-standard","has-post-thumbnail","hentry","category-lieblingsviertel"],"jetpack_publicize_connections":[],"jetpack_featured_media_url":"https:\/\/enjoy-stuttgart.org\/wp-content\/uploads\/2025\/03\/483524495_960296629582136_2425973309053921613_n.jpg","jetpack_sharing_enabled":true,"_links":{"self":[{"href":"https:\/\/enjoy-stuttgart.org\/index.php\/wp-json\/wp\/v2\/posts\/2551","targetHints":{"allow":["GET"]}}],"collection":[{"href":"https:\/\/enjoy-stuttgart.org\/index.php\/wp-json\/wp\/v2\/posts"}],"about":[{"href":"https:\/\/enjoy-stuttgart.org\/index.php\/wp-json\/wp\/v2\/types\/post"}],"author":[{"embeddable":true,"href":"https:\/\/enjoy-stuttgart.org\/index.php\/wp-json\/wp\/v2\/users\/1"}],"replies":[{"embeddable":true,"href":"https:\/\/enjoy-stuttgart.org\/index.php\/wp-json\/wp\/v2\/comments?post=2551"}],"version-history":[{"count":1,"href":"https:\/\/enjoy-stuttgart.org\/index.php\/wp-json\/wp\/v2\/posts\/2551\/revisions"}],"predecessor-version":[{"id":2553,"href":"https:\/\/enjoy-stuttgart.org\/index.php\/wp-json\/wp\/v2\/posts\/2551\/revisions\/2553"}],"wp:featuredmedia":[{"embeddable":true,"href":"https:\/\/enjoy-stuttgart.org\/index.php\/wp-json\/wp\/v2\/media\/2552"}],"wp:attachment":[{"href":"https:\/\/enjoy-stuttgart.org\/index.php\/wp-json\/wp\/v2\/media?parent=2551"}],"wp:term":[{"taxonomy":"category","embeddable":true,"href":"https:\/\/enjoy-stuttgart.org\/index.php\/wp-json\/wp\/v2\/categories?post=2551"},{"taxonomy":"post_tag","embeddable":true,"href":"https:\/\/enjoy-stuttgart.org\/index.php\/wp-json\/wp\/v2\/tags?post=2551"}],"curies":[{"name":"wp","href":"https:\/\/api.w.org\/{rel}","templated":true}]}}