{"id":2673,"date":"2025-05-14T12:49:00","date_gmt":"2025-05-14T10:49:00","guid":{"rendered":"https:\/\/enjoy-stuttgart.org\/?p=2673"},"modified":"2025-05-10T23:50:36","modified_gmt":"2025-05-10T21:50:36","slug":"birkenkopf","status":"publish","type":"post","link":"https:\/\/enjoy-stuttgart.org\/index.php\/birkenkopf\/","title":{"rendered":"Birkenkopf"},"content":{"rendered":"\n<p><img loading=\"lazy\" decoding=\"async\" height=\"16\" width=\"16\" alt=\"\ud83c\udf33\" src=\"https:\/\/static.xx.fbcdn.net\/images\/emoji.php\/v9\/t6b\/1\/16\/1f333.png\"> Auf dem Birkenkopf erinnert der gestapelte Tr\u00fcmmerschutt an den Schrecken und das Leid des Zweiten Weltkriegs. Der auch als \u201eMonte Scherbelino\u201c bekannte Berg ist ein M<a><\/a>ahnmal gegen den Krieg und ein bewegendes St\u00fcck Stadtgeschichte.<\/p>\n\n\n\n<p><img loading=\"lazy\" decoding=\"async\" height=\"16\" width=\"16\" alt=\"\ud83e\udd7e\" src=\"https:\/\/static.xx.fbcdn.net\/images\/emoji.php\/v9\/t9f\/1\/16\/1f97e.png\"> Wer nach oben wandert, findet auf dem Gipfel eine Gedenktafel mit den Worten: \u201eDieser Berg, nach dem Zweiten Weltkrieg aufget\u00fcrmt aus den Tr\u00fcmmern der Stadt, steht den Opfern zum Ged\u00e4chtnis, den Lebenden zur Mahnung.\u201c<\/p>\n\n\n\n<p>Geheimtipp f\u00fcr das sonnige Wochenende: Bei klarer Sicht kann man hier den Ausblick bis zur Schw\u00e4bischen Alb genie\u00dfen. <img loading=\"lazy\" decoding=\"async\" height=\"16\" width=\"16\" alt=\"\u26f0\ufe0f\" src=\"https:\/\/static.xx.fbcdn.net\/images\/emoji.php\/v9\/tf7\/1\/16\/26f0.png\"> Wissen Sie, um wie viele Meter der Berg nach Fertigstellung des Mahnmals 1957 angewachsen ist?<\/p>\n\n\n\n<p><img loading=\"lazy\" decoding=\"async\" height=\"16\" width=\"16\" alt=\"\ud83d\udccd\" src=\"https:\/\/static.xx.fbcdn.net\/images\/emoji.php\/v9\/t2d\/1\/16\/1f4cd.png\"> Birkenkopf<\/p>\n\n\n\n<p><img loading=\"lazy\" decoding=\"async\" height=\"16\" width=\"16\" alt=\"\u27a1\ufe0f\" src=\"https:\/\/static.xx.fbcdn.net\/images\/emoji.php\/v9\/t9e\/1\/16\/27a1.png\"><a href=\"http:\/\/www.lieblingsviertel-stuttgart.de\/?fbclid=IwZXh0bgNhZW0CMTAAYnJpZBExdUFtNVZ2NjNHa2lMYnJIaQEeq6wwJuz6lalOyYBrggI5-rdH9blraiFqU2S0Y9C1w9Hq7Uey9ENV4zzI9vc_aem_LPgdEv-2J4detb1NbH5mRw\" rel=\"noreferrer noopener\" target=\"_blank\">www.lieblingsviertel-stuttgart.de<\/a><\/p>\n\n\n\n<figure class=\"wp-block-image size-large\"><img loading=\"lazy\" decoding=\"async\" width=\"819\" height=\"1024\" src=\"https:\/\/enjoy-stuttgart.org\/wp-content\/uploads\/2025\/05\/495380935_1001539862124479_986068666960264931_n-819x1024.jpg\" alt=\"\" class=\"wp-image-2676\" srcset=\"https:\/\/enjoy-stuttgart.org\/wp-content\/uploads\/2025\/05\/495380935_1001539862124479_986068666960264931_n-819x1024.jpg 819w, https:\/\/enjoy-stuttgart.org\/wp-content\/uploads\/2025\/05\/495380935_1001539862124479_986068666960264931_n-240x300.jpg 240w, https:\/\/enjoy-stuttgart.org\/wp-content\/uploads\/2025\/05\/495380935_1001539862124479_986068666960264931_n-768x960.jpg 768w, https:\/\/enjoy-stuttgart.org\/wp-content\/uploads\/2025\/05\/495380935_1001539862124479_986068666960264931_n.jpg 1080w\" sizes=\"auto, (max-width: 819px) 100vw, 819px\" \/><\/figure>\n\n\n\n<figure class=\"wp-block-image size-large\"><img loading=\"lazy\" decoding=\"async\" width=\"819\" height=\"1024\" src=\"https:\/\/enjoy-stuttgart.org\/wp-content\/uploads\/2025\/05\/495529191_1001539858791146_5572859803389462852_n-819x1024.jpg\" alt=\"\" class=\"wp-image-2675\" srcset=\"https:\/\/enjoy-stuttgart.org\/wp-content\/uploads\/2025\/05\/495529191_1001539858791146_5572859803389462852_n-819x1024.jpg 819w, https:\/\/enjoy-stuttgart.org\/wp-content\/uploads\/2025\/05\/495529191_1001539858791146_5572859803389462852_n-240x300.jpg 240w, https:\/\/enjoy-stuttgart.org\/wp-content\/uploads\/2025\/05\/495529191_1001539858791146_5572859803389462852_n-768x960.jpg 768w, https:\/\/enjoy-stuttgart.org\/wp-content\/uploads\/2025\/05\/495529191_1001539858791146_5572859803389462852_n.jpg 1080w\" sizes=\"auto, (max-width: 819px) 100vw, 819px\" \/><\/figure>\n\n\n\n<figure class=\"wp-block-image size-large\"><img loading=\"lazy\" decoding=\"async\" width=\"819\" height=\"1024\" src=\"https:\/\/enjoy-stuttgart.org\/wp-content\/uploads\/2025\/05\/495338338_1001539882124477_7042964869806317017_n-819x1024.jpg\" alt=\"\" class=\"wp-image-2674\" srcset=\"https:\/\/enjoy-stuttgart.org\/wp-content\/uploads\/2025\/05\/495338338_1001539882124477_7042964869806317017_n-819x1024.jpg 819w, https:\/\/enjoy-stuttgart.org\/wp-content\/uploads\/2025\/05\/495338338_1001539882124477_7042964869806317017_n-240x300.jpg 240w, https:\/\/enjoy-stuttgart.org\/wp-content\/uploads\/2025\/05\/495338338_1001539882124477_7042964869806317017_n-768x960.jpg 768w, https:\/\/enjoy-stuttgart.org\/wp-content\/uploads\/2025\/05\/495338338_1001539882124477_7042964869806317017_n.jpg 1080w\" sizes=\"auto, (max-width: 819px) 100vw, 819px\" \/><\/figure>\n","protected":false},"excerpt":{"rendered":"<p>Auf dem Birkenkopf erinnert der gestapelte Tr\u00fcmmerschutt an den Schrecken und das Leid des Zweiten Weltkriegs. Der auch als \u201eMonte Scherbelino\u201c bekannte Berg ist ein Mahnmal gegen den Krieg und&hellip; <\/p>\n","protected":false},"author":1,"featured_media":2676,"comment_status":"open","ping_status":"open","sticky":false,"template":"","format":"standard","meta":{"advanced_seo_description":"","jetpack_seo_html_title":"","jetpack_seo_noindex":false,"jetpack_post_was_ever_published":false,"_jetpack_newsletter_access":"","_jetpack_dont_email_post_to_subs":false,"_jetpack_newsletter_tier_id":0,"_jetpack_memberships_contains_paywalled_content":false,"_jetpack_memberships_contains_paid_content":false,"footnotes":"","jetpack_publicize_message":"","jetpack_publicize_feature_enabled":true,"jetpack_social_post_already_shared":true,"jetpack_social_options":{"image_generator_settings":{"template":"highway","default_image_id":0,"font":"","enabled":false},"version":2}},"categories":[39],"tags":[],"class_list":["post-2673","post","type-post","status-publish","format-standard","has-post-thumbnail","hentry","category-lieblingsviertel"],"jetpack_publicize_connections":[],"jetpack_featured_media_url":"https:\/\/enjoy-stuttgart.org\/wp-content\/uploads\/2025\/05\/495380935_1001539862124479_986068666960264931_n.jpg","jetpack_sharing_enabled":true,"_links":{"self":[{"href":"https:\/\/enjoy-stuttgart.org\/index.php\/wp-json\/wp\/v2\/posts\/2673","targetHints":{"allow":["GET"]}}],"collection":[{"href":"https:\/\/enjoy-stuttgart.org\/index.php\/wp-json\/wp\/v2\/posts"}],"about":[{"href":"https:\/\/enjoy-stuttgart.org\/index.php\/wp-json\/wp\/v2\/types\/post"}],"author":[{"embeddable":true,"href":"https:\/\/enjoy-stuttgart.org\/index.php\/wp-json\/wp\/v2\/users\/1"}],"replies":[{"embeddable":true,"href":"https:\/\/enjoy-stuttgart.org\/index.php\/wp-json\/wp\/v2\/comments?post=2673"}],"version-history":[{"count":1,"href":"https:\/\/enjoy-stuttgart.org\/index.php\/wp-json\/wp\/v2\/posts\/2673\/revisions"}],"predecessor-version":[{"id":2677,"href":"https:\/\/enjoy-stuttgart.org\/index.php\/wp-json\/wp\/v2\/posts\/2673\/revisions\/2677"}],"wp:featuredmedia":[{"embeddable":true,"href":"https:\/\/enjoy-stuttgart.org\/index.php\/wp-json\/wp\/v2\/media\/2676"}],"wp:attachment":[{"href":"https:\/\/enjoy-stuttgart.org\/index.php\/wp-json\/wp\/v2\/media?parent=2673"}],"wp:term":[{"taxonomy":"category","embeddable":true,"href":"https:\/\/enjoy-stuttgart.org\/index.php\/wp-json\/wp\/v2\/categories?post=2673"},{"taxonomy":"post_tag","embeddable":true,"href":"https:\/\/enjoy-stuttgart.org\/index.php\/wp-json\/wp\/v2\/tags?post=2673"}],"curies":[{"name":"wp","href":"https:\/\/api.w.org\/{rel}","templated":true}]}}