{"id":2709,"date":"2025-05-26T11:59:34","date_gmt":"2025-05-26T09:59:34","guid":{"rendered":"https:\/\/enjoy-stuttgart.org\/?p=2709"},"modified":"2025-05-25T12:00:16","modified_gmt":"2025-05-25T10:00:16","slug":"mit-42-gewinnt-der-vfb-stuttgart-das-dfb-pokalfinale-in-berlin","status":"publish","type":"post","link":"https:\/\/enjoy-stuttgart.org\/index.php\/mit-42-gewinnt-der-vfb-stuttgart-das-dfb-pokalfinale-in-berlin\/","title":{"rendered":"Mit 4:2 gewinnt der VfB Stuttgart das DFB-Pokalfinale in Berlin."},"content":{"rendered":"\n<p>Die Landeshauptstadt gratutliert ganz herzlich!<\/p>\n\n\n\n<p><a><\/a>Oberb\u00fcrgermeister Dr. Frank Nopper: \u201eEs ist gro\u00dfartig, dass der VfB nach 28 Jahren den DFB-Pokal wieder nach Stuttgart geholt hat. Ich gratuliere von ganzem Herzen \u2013 auch zum Einzug in die Europa League. Die Mannschaft um Trainer Sebastian Hoene\u00df und Kapit\u00e4n Atakan Karazor hat Fu\u00dfballgeschichte geschrieben und diesen Pokaltriumph m\u00f6glich gemacht. Wir sind stolz auf unsere Mannschaft und auf unsere gro\u00dfartigen VfB-Fans. Der Pokal geh\u00f6rt der Mannschaft und dem Trainer, aber er geh\u00f6rt auch den vielen VfB-Fans, die bei Wind und Wetter, die in guten und in schlechten Zeiten zum VfB stehen. Ganz Stuttgart ist Pokalsieger.\u201c<\/p>\n\n\n\n<figure class=\"wp-block-image size-large\"><img loading=\"lazy\" decoding=\"async\" width=\"819\" height=\"1024\" src=\"https:\/\/enjoy-stuttgart.org\/wp-content\/uploads\/2025\/05\/500475230_1012072121071253_9013481098313041466_n-819x1024.jpg\" alt=\"\" class=\"wp-image-2710\" srcset=\"https:\/\/enjoy-stuttgart.org\/wp-content\/uploads\/2025\/05\/500475230_1012072121071253_9013481098313041466_n-819x1024.jpg 819w, https:\/\/enjoy-stuttgart.org\/wp-content\/uploads\/2025\/05\/500475230_1012072121071253_9013481098313041466_n-240x300.jpg 240w, https:\/\/enjoy-stuttgart.org\/wp-content\/uploads\/2025\/05\/500475230_1012072121071253_9013481098313041466_n-768x960.jpg 768w, https:\/\/enjoy-stuttgart.org\/wp-content\/uploads\/2025\/05\/500475230_1012072121071253_9013481098313041466_n.jpg 1080w\" sizes=\"auto, (max-width: 819px) 100vw, 819px\" \/><\/figure>\n","protected":false},"excerpt":{"rendered":"<p>Die Landeshauptstadt gratutliert ganz herzlich! Oberb\u00fcrgermeister Dr. Frank Nopper: \u201eEs ist gro\u00dfartig, dass der VfB nach 28 Jahren den DFB-Pokal wieder nach Stuttgart geholt hat. Ich gratuliere von ganzem Herzen&hellip; <\/p>\n","protected":false},"author":1,"featured_media":2710,"comment_status":"open","ping_status":"open","sticky":false,"template":"","format":"standard","meta":{"advanced_seo_description":"","jetpack_seo_html_title":"","jetpack_seo_noindex":false,"jetpack_post_was_ever_published":false,"_jetpack_newsletter_access":"","_jetpack_dont_email_post_to_subs":false,"_jetpack_newsletter_tier_id":0,"_jetpack_memberships_contains_paywalled_content":false,"_jetpack_memberships_contains_paid_content":false,"footnotes":"","jetpack_publicize_message":"","jetpack_publicize_feature_enabled":true,"jetpack_social_post_already_shared":true,"jetpack_social_options":{"image_generator_settings":{"template":"highway","default_image_id":0,"font":"","enabled":false},"version":2}},"categories":[21,36],"tags":[],"class_list":["post-2709","post","type-post","status-publish","format-standard","has-post-thumbnail","hentry","category-fussball","category-vfb"],"jetpack_publicize_connections":[],"jetpack_featured_media_url":"https:\/\/enjoy-stuttgart.org\/wp-content\/uploads\/2025\/05\/500475230_1012072121071253_9013481098313041466_n.jpg","jetpack_sharing_enabled":true,"_links":{"self":[{"href":"https:\/\/enjoy-stuttgart.org\/index.php\/wp-json\/wp\/v2\/posts\/2709","targetHints":{"allow":["GET"]}}],"collection":[{"href":"https:\/\/enjoy-stuttgart.org\/index.php\/wp-json\/wp\/v2\/posts"}],"about":[{"href":"https:\/\/enjoy-stuttgart.org\/index.php\/wp-json\/wp\/v2\/types\/post"}],"author":[{"embeddable":true,"href":"https:\/\/enjoy-stuttgart.org\/index.php\/wp-json\/wp\/v2\/users\/1"}],"replies":[{"embeddable":true,"href":"https:\/\/enjoy-stuttgart.org\/index.php\/wp-json\/wp\/v2\/comments?post=2709"}],"version-history":[{"count":1,"href":"https:\/\/enjoy-stuttgart.org\/index.php\/wp-json\/wp\/v2\/posts\/2709\/revisions"}],"predecessor-version":[{"id":2711,"href":"https:\/\/enjoy-stuttgart.org\/index.php\/wp-json\/wp\/v2\/posts\/2709\/revisions\/2711"}],"wp:featuredmedia":[{"embeddable":true,"href":"https:\/\/enjoy-stuttgart.org\/index.php\/wp-json\/wp\/v2\/media\/2710"}],"wp:attachment":[{"href":"https:\/\/enjoy-stuttgart.org\/index.php\/wp-json\/wp\/v2\/media?parent=2709"}],"wp:term":[{"taxonomy":"category","embeddable":true,"href":"https:\/\/enjoy-stuttgart.org\/index.php\/wp-json\/wp\/v2\/categories?post=2709"},{"taxonomy":"post_tag","embeddable":true,"href":"https:\/\/enjoy-stuttgart.org\/index.php\/wp-json\/wp\/v2\/tags?post=2709"}],"curies":[{"name":"wp","href":"https:\/\/api.w.org\/{rel}","templated":true}]}}