{"id":2712,"date":"2025-05-27T16:54:10","date_gmt":"2025-05-27T14:54:10","guid":{"rendered":"https:\/\/enjoy-stuttgart.org\/?p=2712"},"modified":"2025-05-27T16:54:12","modified_gmt":"2025-05-27T14:54:12","slug":"panoramaweg-west","status":"publish","type":"post","link":"https:\/\/enjoy-stuttgart.org\/index.php\/panoramaweg-west\/","title":{"rendered":"Panoramaweg West"},"content":{"rendered":"\n<p>Oberhalb der St\u00e4ffele enth\u00fcllt der sonst so lebendige Stuttgarter Westen seine vertr\u00e4umte Seite: Auf dem Panoramaweg folgt ein malerischer Ausblick \u00fcber die roten <a><\/a>Ziegeld\u00e4cher dem n\u00e4chsten. <img loading=\"lazy\" decoding=\"async\" height=\"16\" width=\"16\" alt=\"\ud83d\ude4c\" src=\"https:\/\/static.xx.fbcdn.net\/images\/emoji.php\/v9\/tfd\/1\/16\/1f64c.png\"> Der 3,5 Kilometer lange Spaziergang f\u00fchrt vorbei an beschaulichen Wegen und idyllischen Obstg\u00e4rten \u2013 Erholung ist hier garantiert! <img loading=\"lazy\" decoding=\"async\" height=\"16\" width=\"16\" alt=\"\ud83c\udf33\" src=\"https:\/\/static.xx.fbcdn.net\/images\/emoji.php\/v9\/t6b\/1\/16\/1f333.png\"><\/p>\n\n\n\n<p><img loading=\"lazy\" decoding=\"async\" height=\"16\" width=\"16\" alt=\"\ud83d\udc63\" src=\"https:\/\/static.xx.fbcdn.net\/images\/emoji.php\/v9\/t89\/1\/16\/1f463.png\">Auf H\u00f6he der Doggenburg startet die Tour und endet bei der Aussichtsterrasse auf dem Hasenberg. Hier stehen Sie \u00fcbrigens auf dem Dach des Trinkwasser\u2010Hochbeh\u00e4lters, der den Westen mit Bodenseewasser versorgt. <img loading=\"lazy\" decoding=\"async\" height=\"16\" width=\"16\" alt=\"\ud83d\udebf\" src=\"https:\/\/static.xx.fbcdn.net\/images\/emoji.php\/v9\/t12\/1\/16\/1f6bf.png\"><\/p>\n\n\n\n<p>Wo spazieren Sie in Stuttgart am liebsten? <img loading=\"lazy\" decoding=\"async\" height=\"16\" width=\"16\" alt=\"\ud83d\ude0a\" src=\"https:\/\/static.xx.fbcdn.net\/images\/emoji.php\/v9\/t7f\/1\/16\/1f60a.png\"><\/p>\n\n\n\n<p><img loading=\"lazy\" decoding=\"async\" height=\"16\" width=\"16\" alt=\"\ud83d\udccd\" src=\"https:\/\/static.xx.fbcdn.net\/images\/emoji.php\/v9\/t2d\/1\/16\/1f4cd.png\"> Panoramaweg West<\/p>\n\n\n\n<p><a href=\"http:\/\/www.lieblingsviertel-stuttgart.de\/?fbclid=IwZXh0bgNhZW0CMTAAYnJpZBExNlNmWWxRUFk0U2NqR1NXWQEepPwGoPoxwtZqZI-d8UebkBt0NYr1KX5C5Z23_nY1iH3esUoCt7SOndZqljk_aem_hHrxWR6sO5JEHL8YiW032w\" rel=\"noreferrer noopener\" target=\"_blank\">www.lieblingsviertel-stuttgart.de<\/a><\/p>\n\n\n\n<figure class=\"wp-block-image size-large\"><img loading=\"lazy\" decoding=\"async\" width=\"819\" height=\"1024\" src=\"https:\/\/enjoy-stuttgart.org\/wp-content\/uploads\/2025\/05\/501604566_1014018607543271_6140635493752341797_n-819x1024.jpg\" alt=\"\" class=\"wp-image-2715\" srcset=\"https:\/\/enjoy-stuttgart.org\/wp-content\/uploads\/2025\/05\/501604566_1014018607543271_6140635493752341797_n-819x1024.jpg 819w, https:\/\/enjoy-stuttgart.org\/wp-content\/uploads\/2025\/05\/501604566_1014018607543271_6140635493752341797_n-240x300.jpg 240w, https:\/\/enjoy-stuttgart.org\/wp-content\/uploads\/2025\/05\/501604566_1014018607543271_6140635493752341797_n-768x960.jpg 768w, https:\/\/enjoy-stuttgart.org\/wp-content\/uploads\/2025\/05\/501604566_1014018607543271_6140635493752341797_n.jpg 1080w\" sizes=\"auto, (max-width: 819px) 100vw, 819px\" \/><\/figure>\n\n\n\n<figure class=\"wp-block-image size-large\"><img loading=\"lazy\" decoding=\"async\" width=\"819\" height=\"1024\" src=\"https:\/\/enjoy-stuttgart.org\/wp-content\/uploads\/2025\/05\/501058052_1014018624209936_1806774765241048515_n-819x1024.jpg\" alt=\"\" class=\"wp-image-2714\" srcset=\"https:\/\/enjoy-stuttgart.org\/wp-content\/uploads\/2025\/05\/501058052_1014018624209936_1806774765241048515_n-819x1024.jpg 819w, https:\/\/enjoy-stuttgart.org\/wp-content\/uploads\/2025\/05\/501058052_1014018624209936_1806774765241048515_n-240x300.jpg 240w, https:\/\/enjoy-stuttgart.org\/wp-content\/uploads\/2025\/05\/501058052_1014018624209936_1806774765241048515_n-768x960.jpg 768w, https:\/\/enjoy-stuttgart.org\/wp-content\/uploads\/2025\/05\/501058052_1014018624209936_1806774765241048515_n.jpg 1080w\" sizes=\"auto, (max-width: 819px) 100vw, 819px\" \/><\/figure>\n\n\n\n<figure class=\"wp-block-image size-large\"><img loading=\"lazy\" decoding=\"async\" width=\"819\" height=\"1024\" src=\"https:\/\/enjoy-stuttgart.org\/wp-content\/uploads\/2025\/05\/500814413_1014018647543267_3259003194035636778_n-819x1024.jpg\" alt=\"\" class=\"wp-image-2713\" srcset=\"https:\/\/enjoy-stuttgart.org\/wp-content\/uploads\/2025\/05\/500814413_1014018647543267_3259003194035636778_n-819x1024.jpg 819w, https:\/\/enjoy-stuttgart.org\/wp-content\/uploads\/2025\/05\/500814413_1014018647543267_3259003194035636778_n-240x300.jpg 240w, https:\/\/enjoy-stuttgart.org\/wp-content\/uploads\/2025\/05\/500814413_1014018647543267_3259003194035636778_n-768x960.jpg 768w, https:\/\/enjoy-stuttgart.org\/wp-content\/uploads\/2025\/05\/500814413_1014018647543267_3259003194035636778_n.jpg 1080w\" sizes=\"auto, (max-width: 819px) 100vw, 819px\" \/><\/figure>\n","protected":false},"excerpt":{"rendered":"<p>Oberhalb der St\u00e4ffele enth\u00fcllt der sonst so lebendige Stuttgarter Westen seine vertr\u00e4umte Seite: Auf dem Panoramaweg folgt ein malerischer Ausblick \u00fcber die roten Ziegeld\u00e4cher dem n\u00e4chsten. Der 3,5 Kilometer lange&hellip; <\/p>\n","protected":false},"author":1,"featured_media":2715,"comment_status":"open","ping_status":"open","sticky":false,"template":"","format":"standard","meta":{"advanced_seo_description":"","jetpack_seo_html_title":"","jetpack_seo_noindex":false,"jetpack_post_was_ever_published":false,"_jetpack_newsletter_access":"","_jetpack_dont_email_post_to_subs":false,"_jetpack_newsletter_tier_id":0,"_jetpack_memberships_contains_paywalled_content":false,"_jetpack_memberships_contains_paid_content":false,"footnotes":"","jetpack_publicize_message":"","jetpack_publicize_feature_enabled":true,"jetpack_social_post_already_shared":true,"jetpack_social_options":{"image_generator_settings":{"template":"highway","default_image_id":0,"font":"","enabled":false},"version":2}},"categories":[39],"tags":[],"class_list":["post-2712","post","type-post","status-publish","format-standard","has-post-thumbnail","hentry","category-lieblingsviertel"],"jetpack_publicize_connections":[],"jetpack_featured_media_url":"https:\/\/enjoy-stuttgart.org\/wp-content\/uploads\/2025\/05\/501604566_1014018607543271_6140635493752341797_n.jpg","jetpack_sharing_enabled":true,"_links":{"self":[{"href":"https:\/\/enjoy-stuttgart.org\/index.php\/wp-json\/wp\/v2\/posts\/2712","targetHints":{"allow":["GET"]}}],"collection":[{"href":"https:\/\/enjoy-stuttgart.org\/index.php\/wp-json\/wp\/v2\/posts"}],"about":[{"href":"https:\/\/enjoy-stuttgart.org\/index.php\/wp-json\/wp\/v2\/types\/post"}],"author":[{"embeddable":true,"href":"https:\/\/enjoy-stuttgart.org\/index.php\/wp-json\/wp\/v2\/users\/1"}],"replies":[{"embeddable":true,"href":"https:\/\/enjoy-stuttgart.org\/index.php\/wp-json\/wp\/v2\/comments?post=2712"}],"version-history":[{"count":1,"href":"https:\/\/enjoy-stuttgart.org\/index.php\/wp-json\/wp\/v2\/posts\/2712\/revisions"}],"predecessor-version":[{"id":2716,"href":"https:\/\/enjoy-stuttgart.org\/index.php\/wp-json\/wp\/v2\/posts\/2712\/revisions\/2716"}],"wp:featuredmedia":[{"embeddable":true,"href":"https:\/\/enjoy-stuttgart.org\/index.php\/wp-json\/wp\/v2\/media\/2715"}],"wp:attachment":[{"href":"https:\/\/enjoy-stuttgart.org\/index.php\/wp-json\/wp\/v2\/media?parent=2712"}],"wp:term":[{"taxonomy":"category","embeddable":true,"href":"https:\/\/enjoy-stuttgart.org\/index.php\/wp-json\/wp\/v2\/categories?post=2712"},{"taxonomy":"post_tag","embeddable":true,"href":"https:\/\/enjoy-stuttgart.org\/index.php\/wp-json\/wp\/v2\/tags?post=2712"}],"curies":[{"name":"wp","href":"https:\/\/api.w.org\/{rel}","templated":true}]}}