{"id":2809,"date":"2025-07-03T12:37:00","date_gmt":"2025-07-03T10:37:00","guid":{"rendered":"https:\/\/enjoy-stuttgart.org\/?p=2809"},"modified":"2025-07-05T21:02:05","modified_gmt":"2025-07-05T19:02:05","slug":"hitzeaktionsplan-der-landeshauptstadt","status":"publish","type":"post","link":"https:\/\/enjoy-stuttgart.org\/index.php\/hitzeaktionsplan-der-landeshauptstadt\/","title":{"rendered":"Hitzeaktionsplan der Landeshauptstadt"},"content":{"rendered":"\n<p>Ein fortlaufender Hitzeaktionsplan der Landeshauptstadt soll dazu beitragen, Stuttgart noch besser f\u00fcr Hitzeperioden zu wappnen.<img loading=\"lazy\" decoding=\"async\" height=\"16\" width=\"16\" alt=\"\u2600\ufe0f\" src=\"https:\/\/static.xx.fbcdn.net\/images\/emoji.php\/v9\/t6d\/1\/16\/2600.png\"><\/p>\n\n\n\n<p><a><\/a>Schwerpunkte des Hitzeaktionsplans:<\/p>\n\n\n\n<p><img loading=\"lazy\" decoding=\"async\" height=\"16\" width=\"16\" alt=\"\u25b6\ufe0f\" src=\"https:\/\/static.xx.fbcdn.net\/images\/emoji.php\/v9\/t40\/1\/16\/25b6.png\">Strukturen, um die Hitzepr\u00e4vention fest in den st\u00e4dtischen Abl\u00e4ufen zu verankern.<\/p>\n\n\n\n<p><img loading=\"lazy\" decoding=\"async\" height=\"16\" width=\"16\" alt=\"\u25b6\ufe0f\" src=\"https:\/\/static.xx.fbcdn.net\/images\/emoji.php\/v9\/t40\/1\/16\/25b6.png\">Informationen und Tipps f\u00fcr den Alltag in der Hitze.<\/p>\n\n\n\n<p><img loading=\"lazy\" decoding=\"async\" height=\"16\" width=\"16\" alt=\"\u25b6\ufe0f\" src=\"https:\/\/static.xx.fbcdn.net\/images\/emoji.php\/v9\/t40\/1\/16\/25b6.png\">Kostenloses Trinkwasser und k\u00fchle Aufenthaltsorte.<\/p>\n\n\n\n<p><img loading=\"lazy\" decoding=\"async\" height=\"16\" width=\"16\" alt=\"\u25b6\ufe0f\" src=\"https:\/\/static.xx.fbcdn.net\/images\/emoji.php\/v9\/t40\/1\/16\/25b6.png\">Gesundheits\u2010 und Sozialsysteme werden gezielt gest\u00e4rkt, um hitzebedingte Gesundheitsrisiken zu minimieren.<\/p>\n\n\n\n<p><img loading=\"lazy\" decoding=\"async\" height=\"16\" width=\"16\" alt=\"\u25b6\ufe0f\" src=\"https:\/\/static.xx.fbcdn.net\/images\/emoji.php\/v9\/t40\/1\/16\/25b6.png\">Klimaangepasste Stadtentwicklung: mehr Stadtgr\u00fcn, schattenspendende B\u00e4ume, begr\u00fcnte Fassaden und D\u00e4cher sowie der gezielte Einsatz von Wasser im Stadtraum.<\/p>\n\n\n\n<p><img loading=\"lazy\" decoding=\"async\" height=\"16\" width=\"16\" alt=\"\u25b6\ufe0f\" src=\"https:\/\/static.xx.fbcdn.net\/images\/emoji.php\/v9\/t40\/1\/16\/25b6.png\">Kontinuierliche Evaluation und Anpassung der Ma\u00dfnahmen.<\/p>\n\n\n\n<p><img loading=\"lazy\" decoding=\"async\" height=\"16\" width=\"16\" alt=\"\u2139\ufe0f\" src=\"https:\/\/static.xx.fbcdn.net\/images\/emoji.php\/v9\/t8e\/1\/16\/2139.png\">Weitere Infos zum Thema Hitze finden Sie unter <a href=\"http:\/\/stuttgart.de\/hitze?fbclid=IwZXh0bgNhZW0CMTAAYnJpZBExNlNmWWxRUFk0U2NqR1NXWQEezUwggxVZ0VhVbDH4xxOo1Rk1hz-ccz0taX4JiIn4pqeF690SyLv7c7JBaHo_aem_IP6EG1cyp84vmAPP7rJXwQ\" rel=\"noreferrer noopener\" target=\"_blank\">stuttgart.de\/hitze<\/a>.<\/p>\n\n\n\n<figure class=\"wp-block-image size-large\"><img loading=\"lazy\" decoding=\"async\" width=\"819\" height=\"1024\" src=\"https:\/\/enjoy-stuttgart.org\/wp-content\/uploads\/2025\/06\/1-5-819x1024.jpg\" alt=\"\" class=\"wp-image-2810\" srcset=\"https:\/\/enjoy-stuttgart.org\/wp-content\/uploads\/2025\/06\/1-5-819x1024.jpg 819w, https:\/\/enjoy-stuttgart.org\/wp-content\/uploads\/2025\/06\/1-5-240x300.jpg 240w, https:\/\/enjoy-stuttgart.org\/wp-content\/uploads\/2025\/06\/1-5-768x960.jpg 768w, https:\/\/enjoy-stuttgart.org\/wp-content\/uploads\/2025\/06\/1-5.jpg 1080w\" sizes=\"auto, (max-width: 819px) 100vw, 819px\" \/><\/figure>\n\n\n\n<figure class=\"wp-block-image size-large\"><img decoding=\"async\" src=\"https:\/\/webseiten-daten.cc\/pdf\/stuttgart2025\/Q3\/hitzetage\/2.jpg\" alt=\"\"\/><\/figure>\n\n\n\n<figure class=\"wp-block-image size-large\"><img decoding=\"async\" src=\"https:\/\/webseiten-daten.cc\/pdf\/stuttgart2025\/Q3\/hitzetage\/3.jpg\" alt=\"\"\/><\/figure>\n\n\n\n<figure class=\"wp-block-image size-large\"><img decoding=\"async\" src=\"https:\/\/webseiten-daten.cc\/pdf\/stuttgart2025\/Q3\/hitzetage\/4.jpg\" alt=\"\"\/><\/figure>\n\n\n\n<figure class=\"wp-block-image size-large\"><img decoding=\"async\" src=\"https:\/\/webseiten-daten.cc\/pdf\/stuttgart2025\/Q3\/hitzetage\/5.jpg\" alt=\"\"\/><\/figure>\n\n\n\n<figure class=\"wp-block-image size-large\"><img decoding=\"async\" src=\"https:\/\/webseiten-daten.cc\/pdf\/stuttgart2025\/Q3\/hitzetage\/6.jpg\" alt=\"\"\/><\/figure>\n","protected":false},"excerpt":{"rendered":"<p>Ein fortlaufender Hitzeaktionsplan der Landeshauptstadt soll dazu beitragen, Stuttgart noch besser f\u00fcr Hitzeperioden zu wappnen. Schwerpunkte des Hitzeaktionsplans: Strukturen, um die Hitzepr\u00e4vention fest in den st\u00e4dtischen Abl\u00e4ufen zu verankern. Informationen&hellip; <\/p>\n","protected":false},"author":1,"featured_media":2810,"comment_status":"open","ping_status":"open","sticky":false,"template":"","format":"standard","meta":{"advanced_seo_description":"","jetpack_seo_html_title":"","jetpack_seo_noindex":false,"jetpack_post_was_ever_published":false,"_jetpack_newsletter_access":"","_jetpack_dont_email_post_to_subs":false,"_jetpack_newsletter_tier_id":0,"_jetpack_memberships_contains_paywalled_content":false,"_jetpack_memberships_contains_paid_content":false,"footnotes":"","jetpack_publicize_message":"","jetpack_publicize_feature_enabled":true,"jetpack_social_post_already_shared":true,"jetpack_social_options":{"image_generator_settings":{"template":"highway","default_image_id":0,"font":"","enabled":false},"version":2}},"categories":[31],"tags":[],"class_list":["post-2809","post","type-post","status-publish","format-standard","has-post-thumbnail","hentry","category-stadt-info"],"jetpack_publicize_connections":[],"jetpack_featured_media_url":"https:\/\/enjoy-stuttgart.org\/wp-content\/uploads\/2025\/06\/1-5.jpg","jetpack_sharing_enabled":true,"_links":{"self":[{"href":"https:\/\/enjoy-stuttgart.org\/index.php\/wp-json\/wp\/v2\/posts\/2809","targetHints":{"allow":["GET"]}}],"collection":[{"href":"https:\/\/enjoy-stuttgart.org\/index.php\/wp-json\/wp\/v2\/posts"}],"about":[{"href":"https:\/\/enjoy-stuttgart.org\/index.php\/wp-json\/wp\/v2\/types\/post"}],"author":[{"embeddable":true,"href":"https:\/\/enjoy-stuttgart.org\/index.php\/wp-json\/wp\/v2\/users\/1"}],"replies":[{"embeddable":true,"href":"https:\/\/enjoy-stuttgart.org\/index.php\/wp-json\/wp\/v2\/comments?post=2809"}],"version-history":[{"count":2,"href":"https:\/\/enjoy-stuttgart.org\/index.php\/wp-json\/wp\/v2\/posts\/2809\/revisions"}],"predecessor-version":[{"id":2837,"href":"https:\/\/enjoy-stuttgart.org\/index.php\/wp-json\/wp\/v2\/posts\/2809\/revisions\/2837"}],"wp:featuredmedia":[{"embeddable":true,"href":"https:\/\/enjoy-stuttgart.org\/index.php\/wp-json\/wp\/v2\/media\/2810"}],"wp:attachment":[{"href":"https:\/\/enjoy-stuttgart.org\/index.php\/wp-json\/wp\/v2\/media?parent=2809"}],"wp:term":[{"taxonomy":"category","embeddable":true,"href":"https:\/\/enjoy-stuttgart.org\/index.php\/wp-json\/wp\/v2\/categories?post=2809"},{"taxonomy":"post_tag","embeddable":true,"href":"https:\/\/enjoy-stuttgart.org\/index.php\/wp-json\/wp\/v2\/tags?post=2809"}],"curies":[{"name":"wp","href":"https:\/\/api.w.org\/{rel}","templated":true}]}}