{"id":2831,"date":"2025-07-11T15:20:00","date_gmt":"2025-07-11T13:20:00","guid":{"rendered":"https:\/\/enjoy-stuttgart.org\/?p=2831"},"modified":"2025-07-05T20:21:46","modified_gmt":"2025-07-05T18:21:46","slug":"bundesgartenschau-2043","status":"publish","type":"post","link":"https:\/\/enjoy-stuttgart.org\/index.php\/bundesgartenschau-2043\/","title":{"rendered":"Bundesgartenschau 2043"},"content":{"rendered":"\n<p>Stuttgart, Esslingen, Ludwigsburg und der Verband Region Stuttgart planen Gro\u00dfes: 2043 soll eine interkommunale Bundesgartenschau bei uns an den Start gehen! Der <a><\/a>Stuttgarter Gemeinderat hat jetzt einstimmig gr\u00fcnes Licht f\u00fcr eine Machbarkeitsstudie gegeben. Stuttgart \u00fcbernimmt davon etwa 66.000 Euro, also ein Viertel der Kosten.<\/p>\n\n\n\n<p>Die St\u00e4dte wollen mit der Studie pr\u00fcfen, wie die Bundesgartenschau unsere Region entlang des Neckars lebenswerter machen kann \u2013 mit starken Akzenten auf Stadtbegr\u00fcnung, Wasserfl\u00e4chen und Naherholung.<\/p>\n\n\n\n<figure class=\"wp-block-image size-large\"><img loading=\"lazy\" decoding=\"async\" width=\"819\" height=\"1024\" src=\"https:\/\/enjoy-stuttgart.org\/wp-content\/uploads\/2025\/07\/515289252_1157555479514342_8621337806745157373_n-819x1024.jpg\" alt=\"\" class=\"wp-image-2833\" srcset=\"https:\/\/enjoy-stuttgart.org\/wp-content\/uploads\/2025\/07\/515289252_1157555479514342_8621337806745157373_n-819x1024.jpg 819w, https:\/\/enjoy-stuttgart.org\/wp-content\/uploads\/2025\/07\/515289252_1157555479514342_8621337806745157373_n-240x300.jpg 240w, https:\/\/enjoy-stuttgart.org\/wp-content\/uploads\/2025\/07\/515289252_1157555479514342_8621337806745157373_n-768x960.jpg 768w, https:\/\/enjoy-stuttgart.org\/wp-content\/uploads\/2025\/07\/515289252_1157555479514342_8621337806745157373_n-1229x1536.jpg 1229w, https:\/\/enjoy-stuttgart.org\/wp-content\/uploads\/2025\/07\/515289252_1157555479514342_8621337806745157373_n.jpg 1638w\" sizes=\"auto, (max-width: 819px) 100vw, 819px\" \/><\/figure>\n\n\n\n<figure class=\"wp-block-image size-large\"><img loading=\"lazy\" decoding=\"async\" width=\"819\" height=\"1024\" src=\"https:\/\/enjoy-stuttgart.org\/wp-content\/uploads\/2025\/07\/515013405_1157555426181014_4241190366480734053_n-819x1024.jpg\" alt=\"\" class=\"wp-image-2832\" srcset=\"https:\/\/enjoy-stuttgart.org\/wp-content\/uploads\/2025\/07\/515013405_1157555426181014_4241190366480734053_n-819x1024.jpg 819w, https:\/\/enjoy-stuttgart.org\/wp-content\/uploads\/2025\/07\/515013405_1157555426181014_4241190366480734053_n-240x300.jpg 240w, https:\/\/enjoy-stuttgart.org\/wp-content\/uploads\/2025\/07\/515013405_1157555426181014_4241190366480734053_n-768x960.jpg 768w, https:\/\/enjoy-stuttgart.org\/wp-content\/uploads\/2025\/07\/515013405_1157555426181014_4241190366480734053_n-1229x1536.jpg 1229w, https:\/\/enjoy-stuttgart.org\/wp-content\/uploads\/2025\/07\/515013405_1157555426181014_4241190366480734053_n.jpg 1638w\" sizes=\"auto, (max-width: 819px) 100vw, 819px\" \/><\/figure>\n","protected":false},"excerpt":{"rendered":"<p>Stuttgart, Esslingen, Ludwigsburg und der Verband Region Stuttgart planen Gro\u00dfes: 2043 soll eine interkommunale Bundesgartenschau bei uns an den Start gehen! Der Stuttgarter Gemeinderat hat jetzt einstimmig gr\u00fcnes Licht f\u00fcr&hellip; <\/p>\n","protected":false},"author":1,"featured_media":2833,"comment_status":"open","ping_status":"open","sticky":false,"template":"","format":"standard","meta":{"advanced_seo_description":"","jetpack_seo_html_title":"","jetpack_seo_noindex":false,"jetpack_post_was_ever_published":false,"_jetpack_newsletter_access":"","_jetpack_dont_email_post_to_subs":false,"_jetpack_newsletter_tier_id":0,"_jetpack_memberships_contains_paywalled_content":false,"_jetpack_memberships_contains_paid_content":false,"footnotes":"","jetpack_publicize_message":"","jetpack_publicize_feature_enabled":true,"jetpack_social_post_already_shared":true,"jetpack_social_options":{"image_generator_settings":{"template":"highway","default_image_id":0,"font":"","enabled":false},"version":2}},"categories":[30],"tags":[],"class_list":["post-2831","post","type-post","status-publish","format-standard","has-post-thumbnail","hentry","category-stadtplanung-entwicklung"],"jetpack_publicize_connections":[],"jetpack_featured_media_url":"https:\/\/enjoy-stuttgart.org\/wp-content\/uploads\/2025\/07\/515289252_1157555479514342_8621337806745157373_n.jpg","jetpack_sharing_enabled":true,"_links":{"self":[{"href":"https:\/\/enjoy-stuttgart.org\/index.php\/wp-json\/wp\/v2\/posts\/2831","targetHints":{"allow":["GET"]}}],"collection":[{"href":"https:\/\/enjoy-stuttgart.org\/index.php\/wp-json\/wp\/v2\/posts"}],"about":[{"href":"https:\/\/enjoy-stuttgart.org\/index.php\/wp-json\/wp\/v2\/types\/post"}],"author":[{"embeddable":true,"href":"https:\/\/enjoy-stuttgart.org\/index.php\/wp-json\/wp\/v2\/users\/1"}],"replies":[{"embeddable":true,"href":"https:\/\/enjoy-stuttgart.org\/index.php\/wp-json\/wp\/v2\/comments?post=2831"}],"version-history":[{"count":1,"href":"https:\/\/enjoy-stuttgart.org\/index.php\/wp-json\/wp\/v2\/posts\/2831\/revisions"}],"predecessor-version":[{"id":2834,"href":"https:\/\/enjoy-stuttgart.org\/index.php\/wp-json\/wp\/v2\/posts\/2831\/revisions\/2834"}],"wp:featuredmedia":[{"embeddable":true,"href":"https:\/\/enjoy-stuttgart.org\/index.php\/wp-json\/wp\/v2\/media\/2833"}],"wp:attachment":[{"href":"https:\/\/enjoy-stuttgart.org\/index.php\/wp-json\/wp\/v2\/media?parent=2831"}],"wp:term":[{"taxonomy":"category","embeddable":true,"href":"https:\/\/enjoy-stuttgart.org\/index.php\/wp-json\/wp\/v2\/categories?post=2831"},{"taxonomy":"post_tag","embeddable":true,"href":"https:\/\/enjoy-stuttgart.org\/index.php\/wp-json\/wp\/v2\/tags?post=2831"}],"curies":[{"name":"wp","href":"https:\/\/api.w.org\/{rel}","templated":true}]}}