{"id":3059,"date":"2025-10-10T11:04:16","date_gmt":"2025-10-10T09:04:16","guid":{"rendered":"https:\/\/enjoy-stuttgart.org\/?p=3059"},"modified":"2025-10-10T11:04:17","modified_gmt":"2025-10-10T09:04:17","slug":"130-jahre-elektrische-strassenbahn-eine-fahrt-durch-die-geschichte","status":"publish","type":"post","link":"https:\/\/enjoy-stuttgart.org\/index.php\/130-jahre-elektrische-strassenbahn-eine-fahrt-durch-die-geschichte\/","title":{"rendered":"130 Jahre elektrische Stra\u00dfenbahn \u2013 eine Fahrt durch die Geschichte!"},"content":{"rendered":"\n<p>Seit 1895 pr\u00e4gt die elektrische Stra\u00dfenbahn das Stadtbild und die Mobilit\u00e4t in unserer Region \u2013 ein echter Meilenstein der Technik, der das Leben vieler Menschen ver\u00e4ndert hat.<\/p>\n\n\n\n<p>Am 18. + 19. Oktober 2025 feiern wir dieses Jubil\u00e4um mit euch im Stra\u00dfenbahnmuseum!<\/p>\n\n\n\n<p>Erlebt ein buntes Programm mit:<\/p>\n\n\n\n<p><img loading=\"lazy\" decoding=\"async\" height=\"16\" width=\"16\" alt=\"\u2728\" src=\"https:\/\/static.xx.fbcdn.net\/images\/emoji.php\/v9\/tf4\/1\/16\/2728.png\"> historischen Fahrzeugen<\/p>\n\n\n\n<p><img loading=\"lazy\" decoding=\"async\" height=\"16\" width=\"16\" alt=\"\ud83e\uddd2\" src=\"https:\/\/static.xx.fbcdn.net\/images\/emoji.php\/v9\/tdf\/1\/16\/1f9d2.png\"> Mitmachaktionen &amp; Kinderprogramm<\/p>\n\n\n\n<p><img loading=\"lazy\" decoding=\"async\" height=\"16\" width=\"16\" alt=\"\ud83c\udfdb\ufe0f\" src=\"https:\/\/static.xx.fbcdn.net\/images\/emoji.php\/v9\/t89\/1\/16\/1f3db.png\"> F\u00fchrungen &amp; Ausstellungen<\/p>\n\n\n\n<p><img loading=\"lazy\" decoding=\"async\" height=\"16\" width=\"16\" alt=\"\ud83d\ude8b\" src=\"https:\/\/static.xx.fbcdn.net\/images\/emoji.php\/v9\/tf8\/1\/16\/1f68b.png\"> einem beeindruckenden Fahrzeugkorso<\/p>\n\n\n\n<p>Kommt vorbei und taucht ein in 130 Jahre Innovation, Fortschritt und Gemeinschaft.<\/p>\n\n\n\n<p><img loading=\"lazy\" decoding=\"async\" height=\"16\" width=\"16\" alt=\"\ud83d\udccd\" src=\"https:\/\/static.xx.fbcdn.net\/images\/emoji.php\/v9\/t2d\/1\/16\/1f4cd.png\"> Stra\u00dfenbahnmuseum Stuttgart<\/p>\n\n\n\n<p><img loading=\"lazy\" decoding=\"async\" height=\"16\" width=\"16\" alt=\"\ud83d\uddd3\ufe0f\" src=\"https:\/\/static.xx.fbcdn.net\/images\/emoji.php\/v9\/t5c\/1\/16\/1f5d3.png\"> 18. und 19.10.2025 | 10\u201318 Uhr<\/p>\n\n\n\n<figure class=\"wp-block-image size-large\"><img loading=\"lazy\" decoding=\"async\" width=\"819\" height=\"1024\" src=\"https:\/\/enjoy-stuttgart.org\/wp-content\/uploads\/2025\/10\/564062516_1224838376345062_8546952798121628966_n-819x1024.jpg\" alt=\"\" class=\"wp-image-3060\" srcset=\"https:\/\/enjoy-stuttgart.org\/wp-content\/uploads\/2025\/10\/564062516_1224838376345062_8546952798121628966_n-819x1024.jpg 819w, https:\/\/enjoy-stuttgart.org\/wp-content\/uploads\/2025\/10\/564062516_1224838376345062_8546952798121628966_n-240x300.jpg 240w, https:\/\/enjoy-stuttgart.org\/wp-content\/uploads\/2025\/10\/564062516_1224838376345062_8546952798121628966_n-768x960.jpg 768w, https:\/\/enjoy-stuttgart.org\/wp-content\/uploads\/2025\/10\/564062516_1224838376345062_8546952798121628966_n.jpg 1080w\" sizes=\"auto, (max-width: 819px) 100vw, 819px\" \/><\/figure>\n","protected":false},"excerpt":{"rendered":"<p>Seit 1895 pr\u00e4gt die elektrische Stra\u00dfenbahn das Stadtbild und die Mobilit\u00e4t in unserer Region \u2013 ein echter Meilenstein der Technik, der das Leben vieler Menschen ver\u00e4ndert hat. Am 18. +&hellip; <\/p>\n","protected":false},"author":1,"featured_media":3060,"comment_status":"open","ping_status":"open","sticky":false,"template":"","format":"standard","meta":{"advanced_seo_description":"","jetpack_seo_html_title":"","jetpack_seo_noindex":false,"jetpack_post_was_ever_published":false,"_jetpack_newsletter_access":"","_jetpack_dont_email_post_to_subs":false,"_jetpack_newsletter_tier_id":0,"_jetpack_memberships_contains_paywalled_content":false,"_jetpack_memberships_contains_paid_content":false,"footnotes":"","jetpack_publicize_message":"","jetpack_publicize_feature_enabled":true,"jetpack_social_post_already_shared":true,"jetpack_social_options":{"image_generator_settings":{"template":"highway","default_image_id":0,"font":"","enabled":false},"version":2}},"categories":[20],"tags":[],"class_list":["post-3059","post","type-post","status-publish","format-standard","has-post-thumbnail","hentry","category-bahn-s-bahn"],"jetpack_publicize_connections":[],"jetpack_featured_media_url":"https:\/\/enjoy-stuttgart.org\/wp-content\/uploads\/2025\/10\/564062516_1224838376345062_8546952798121628966_n.jpg","jetpack_sharing_enabled":true,"_links":{"self":[{"href":"https:\/\/enjoy-stuttgart.org\/index.php\/wp-json\/wp\/v2\/posts\/3059","targetHints":{"allow":["GET"]}}],"collection":[{"href":"https:\/\/enjoy-stuttgart.org\/index.php\/wp-json\/wp\/v2\/posts"}],"about":[{"href":"https:\/\/enjoy-stuttgart.org\/index.php\/wp-json\/wp\/v2\/types\/post"}],"author":[{"embeddable":true,"href":"https:\/\/enjoy-stuttgart.org\/index.php\/wp-json\/wp\/v2\/users\/1"}],"replies":[{"embeddable":true,"href":"https:\/\/enjoy-stuttgart.org\/index.php\/wp-json\/wp\/v2\/comments?post=3059"}],"version-history":[{"count":1,"href":"https:\/\/enjoy-stuttgart.org\/index.php\/wp-json\/wp\/v2\/posts\/3059\/revisions"}],"predecessor-version":[{"id":3061,"href":"https:\/\/enjoy-stuttgart.org\/index.php\/wp-json\/wp\/v2\/posts\/3059\/revisions\/3061"}],"wp:featuredmedia":[{"embeddable":true,"href":"https:\/\/enjoy-stuttgart.org\/index.php\/wp-json\/wp\/v2\/media\/3060"}],"wp:attachment":[{"href":"https:\/\/enjoy-stuttgart.org\/index.php\/wp-json\/wp\/v2\/media?parent=3059"}],"wp:term":[{"taxonomy":"category","embeddable":true,"href":"https:\/\/enjoy-stuttgart.org\/index.php\/wp-json\/wp\/v2\/categories?post=3059"},{"taxonomy":"post_tag","embeddable":true,"href":"https:\/\/enjoy-stuttgart.org\/index.php\/wp-json\/wp\/v2\/tags?post=3059"}],"curies":[{"name":"wp","href":"https:\/\/api.w.org\/{rel}","templated":true}]}}