{"id":3436,"date":"2026-03-13T16:32:26","date_gmt":"2026-03-13T15:32:26","guid":{"rendered":"https:\/\/enjoy-stuttgart.org\/?p=3436"},"modified":"2026-03-13T16:32:28","modified_gmt":"2026-03-13T15:32:28","slug":"bald-ist-fruehlingsfest","status":"publish","type":"post","link":"https:\/\/enjoy-stuttgart.org\/index.php\/bald-ist-fruehlingsfest\/","title":{"rendered":"Bald ist Fr\u00fchlingsfest"},"content":{"rendered":"\n<p>Und die Kinder der Schaustellerfamilien besuchen dann wieder die Wasenschule direkt auf dem Festgel\u00e4nde.<\/p>\n\n\n\n<p>Sie k\u00f6nnen die Kinder als Bildungspatin oder Bildungspate unterst\u00fctzen:<\/p>\n\n\n\n<p><img loading=\"lazy\" decoding=\"async\" height=\"16\" width=\"16\" alt=\"\ud83d\udcc6\" src=\"https:\/\/static.xx.fbcdn.net\/images\/emoji.php\/v9\/tff\/1\/16\/1f4c6.png\"> 13. April bis 13. Mai<\/p>\n\n\n\n<p><img loading=\"lazy\" decoding=\"async\" height=\"16\" width=\"16\" alt=\"\ud83d\udd53\" src=\"https:\/\/static.xx.fbcdn.net\/images\/emoji.php\/v9\/t2b\/1\/16\/1f553.png\"> montags bis freitags, von 9 bis 11 Uhr und von 11 bis 13 Uhr<\/p>\n\n\n\n<p><img loading=\"lazy\" decoding=\"async\" height=\"16\" width=\"16\" alt=\"\ud83d\udcf7\" src=\"https:\/\/static.xx.fbcdn.net\/images\/emoji.php\/v9\/t5d\/1\/16\/1f4f7.png\"> F\u00e4cher: Deutsch, Mathe und Englisch<\/p>\n\n\n\n<p>An welchen Wochentagen und in welchen Zeitfenstern Sie sich einbringen wollen, k\u00f6nnen Sie frei entscheiden.<\/p>\n\n\n\n<p><img loading=\"lazy\" decoding=\"async\" height=\"16\" width=\"16\" alt=\"\u2139\ufe0f\" src=\"https:\/\/static.xx.fbcdn.net\/images\/emoji.php\/v9\/t8e\/1\/16\/2139.png\"> Infoveranstaltung: Mittwoch, 25. M\u00e4rz, 15 Uhr im Rathaus (Raum 408).<\/p>\n\n\n\n<p><img loading=\"lazy\" decoding=\"async\" height=\"16\" width=\"16\" alt=\"\u2139\ufe0f\" src=\"https:\/\/static.xx.fbcdn.net\/images\/emoji.php\/v9\/t8e\/1\/16\/2139.png\"> Mail an bip@stuttgart.de<\/p>\n\n\n\n<figure class=\"wp-block-image size-large\"><img loading=\"lazy\" decoding=\"async\" width=\"819\" height=\"1024\" src=\"https:\/\/enjoy-stuttgart.org\/wp-content\/uploads\/2026\/03\/648835653_1238710565074073_491826423679445799_n-819x1024.jpg\" alt=\"\" class=\"wp-image-3437\" srcset=\"https:\/\/enjoy-stuttgart.org\/wp-content\/uploads\/2026\/03\/648835653_1238710565074073_491826423679445799_n-819x1024.jpg 819w, https:\/\/enjoy-stuttgart.org\/wp-content\/uploads\/2026\/03\/648835653_1238710565074073_491826423679445799_n-240x300.jpg 240w, https:\/\/enjoy-stuttgart.org\/wp-content\/uploads\/2026\/03\/648835653_1238710565074073_491826423679445799_n-768x960.jpg 768w, https:\/\/enjoy-stuttgart.org\/wp-content\/uploads\/2026\/03\/648835653_1238710565074073_491826423679445799_n.jpg 1080w\" sizes=\"auto, (max-width: 819px) 100vw, 819px\" \/><\/figure>\n","protected":false},"excerpt":{"rendered":"<p>Und die Kinder der Schaustellerfamilien besuchen dann wieder die Wasenschule direkt auf dem Festgel\u00e4nde. Sie k\u00f6nnen die Kinder als Bildungspatin oder Bildungspate unterst\u00fctzen: 13. April bis 13. Mai montags bis&hellip; <\/p>\n","protected":false},"author":1,"featured_media":3437,"comment_status":"open","ping_status":"closed","sticky":false,"template":"","format":"standard","meta":{"advanced_seo_description":"","jetpack_seo_html_title":"","jetpack_seo_noindex":false,"jetpack_post_was_ever_published":false,"_jetpack_newsletter_access":"","_jetpack_dont_email_post_to_subs":false,"_jetpack_newsletter_tier_id":0,"_jetpack_memberships_contains_paywalled_content":false,"_jetpack_memberships_contains_paid_content":false,"footnotes":"","jetpack_publicize_message":"","jetpack_publicize_feature_enabled":true,"jetpack_social_post_already_shared":true,"jetpack_social_options":{"image_generator_settings":{"template":"highway","default_image_id":0,"font":"","enabled":false},"version":2}},"categories":[30],"tags":[],"class_list":["post-3436","post","type-post","status-publish","format-standard","has-post-thumbnail","hentry","category-stadtplanung-entwicklung"],"jetpack_publicize_connections":[],"jetpack_featured_media_url":"https:\/\/enjoy-stuttgart.org\/wp-content\/uploads\/2026\/03\/648835653_1238710565074073_491826423679445799_n.jpg","jetpack_sharing_enabled":true,"_links":{"self":[{"href":"https:\/\/enjoy-stuttgart.org\/index.php\/wp-json\/wp\/v2\/posts\/3436","targetHints":{"allow":["GET"]}}],"collection":[{"href":"https:\/\/enjoy-stuttgart.org\/index.php\/wp-json\/wp\/v2\/posts"}],"about":[{"href":"https:\/\/enjoy-stuttgart.org\/index.php\/wp-json\/wp\/v2\/types\/post"}],"author":[{"embeddable":true,"href":"https:\/\/enjoy-stuttgart.org\/index.php\/wp-json\/wp\/v2\/users\/1"}],"replies":[{"embeddable":true,"href":"https:\/\/enjoy-stuttgart.org\/index.php\/wp-json\/wp\/v2\/comments?post=3436"}],"version-history":[{"count":1,"href":"https:\/\/enjoy-stuttgart.org\/index.php\/wp-json\/wp\/v2\/posts\/3436\/revisions"}],"predecessor-version":[{"id":3438,"href":"https:\/\/enjoy-stuttgart.org\/index.php\/wp-json\/wp\/v2\/posts\/3436\/revisions\/3438"}],"wp:featuredmedia":[{"embeddable":true,"href":"https:\/\/enjoy-stuttgart.org\/index.php\/wp-json\/wp\/v2\/media\/3437"}],"wp:attachment":[{"href":"https:\/\/enjoy-stuttgart.org\/index.php\/wp-json\/wp\/v2\/media?parent=3436"}],"wp:term":[{"taxonomy":"category","embeddable":true,"href":"https:\/\/enjoy-stuttgart.org\/index.php\/wp-json\/wp\/v2\/categories?post=3436"},{"taxonomy":"post_tag","embeddable":true,"href":"https:\/\/enjoy-stuttgart.org\/index.php\/wp-json\/wp\/v2\/tags?post=3436"}],"curies":[{"name":"wp","href":"https:\/\/api.w.org\/{rel}","templated":true}]}}